{"id":142908,"date":"2024-04-25T10:02:10","date_gmt":"2024-04-25T13:02:10","guid":{"rendered":"https:\/\/corrientesdetarde.com\/?p=142908"},"modified":"2024-04-25T10:02:14","modified_gmt":"2024-04-25T13:02:14","slug":"matias-piattoni-se-declaro-culpable-y-fue-condenado-a-tres-anos-de-prision","status":"publish","type":"post","link":"https:\/\/corrientesdetarde.com\/index.php\/crimen-y-justicia\/matias-piattoni-se-declaro-culpable-y-fue-condenado-a-tres-anos-de-prision\/","title":{"rendered":"Mat\u00edas Piattoni se declar\u00f3 culpable y fue condenado a tres a\u00f1os de prisi\u00f3n"},"content":{"rendered":"\n<p><strong>El Empresario gastron\u00f3mico Mat\u00edas Piattoni fue condenado hoy a la pena de tres a\u00f1os de prisi\u00f3n e inhabilitaci\u00f3n por 10 a\u00f1os para conducir todo tipo de veh\u00edculos, tras haber homologado el Tribunal Oral Penal (TOP) N\u00b02 en un acuerdo de juicio abreviado que admite su responsabilidad en el siniestro que ocasi\u00f3 la muerte de \u00c1ngel Gonz\u00e1lez y su hijo Mateo.<\/strong><\/p>\n\n\n\n<p>En el acuerdo alcanzado entre todas las partes del proceso,&nbsp;Piattoni reconoce y ratifica la validez de las pruebas que pesaban en su contra y se declara culpable de &#8220;homicidio culposo agravado por la conducci\u00f3n imprudente de un veh\u00edculo automotor, bajo los efectos de estupefacientes, con un nivel de alcoholemia superior al gramo de litro por sangre, en exceso de velocidad de m\u00e1s de 30 kil\u00f3metros por encima de la m\u00e1xima permitida&nbsp;en el lugar del hecho, sin estar habilitado y siendo m\u00e1s de una las v\u00edctimas fatales&#8221;.<\/p>\n\n\n\n<p>Tambi\u00e9n&nbsp;acept\u00f3 Piattoni el &#8220;pago total e irrestricto de todas y cada una de las costas, gastos, honorarios y accesorios devengados, regulados o a regularse o devengarse&#8221;&nbsp;en el marco del expediente que se origin\u00f3 a partir del hecho.<\/p>\n\n\n\n<p>Adem\u00e1s, asumi\u00f3 los honorarios de los abogados de la querella, uno de los cuales solo la ejerci\u00f3 en la fase inicial del proceso.<\/p>\n\n\n\n<p><a href=\"https:\/\/corrientesenelaire.com.ar\/multimedia\/imagenes\/fotos\/2024-04-25\/264122_grande.jpg\"><\/a><\/p>\n","protected":false},"excerpt":{"rendered":"<p>El Empresario gastron\u00f3mico Mat\u00edas Piattoni fue condenado hoy a la pena de tres a\u00f1os de prisi\u00f3n e inhabilitaci\u00f3n por 10 a\u00f1os para conducir todo tipo de veh\u00edculos, tras haber homologado&hellip; <\/p>\n","protected":false},"author":12,"featured_media":142910,"comment_status":"closed","ping_status":"open","sticky":false,"template":"","format":"standard","meta":{"footnotes":""},"categories":[23,5],"tags":[],"class_list":["post-142908","post","type-post","status-publish","format-standard","has-post-thumbnail","hentry","category-actualidad","category-crimen-y-justicia"],"_links":{"self":[{"href":"https:\/\/corrientesdetarde.com\/index.php\/wp-json\/wp\/v2\/posts\/142908","targetHints":{"allow":["GET"]}}],"collection":[{"href":"https:\/\/corrientesdetarde.com\/index.php\/wp-json\/wp\/v2\/posts"}],"about":[{"href":"https:\/\/corrientesdetarde.com\/index.php\/wp-json\/wp\/v2\/types\/post"}],"author":[{"embeddable":true,"href":"https:\/\/corrientesdetarde.com\/index.php\/wp-json\/wp\/v2\/users\/12"}],"replies":[{"embeddable":true,"href":"https:\/\/corrientesdetarde.com\/index.php\/wp-json\/wp\/v2\/comments?post=142908"}],"version-history":[{"count":1,"href":"https:\/\/corrientesdetarde.com\/index.php\/wp-json\/wp\/v2\/posts\/142908\/revisions"}],"predecessor-version":[{"id":142911,"href":"https:\/\/corrientesdetarde.com\/index.php\/wp-json\/wp\/v2\/posts\/142908\/revisions\/142911"}],"wp:featuredmedia":[{"embeddable":true,"href":"https:\/\/corrientesdetarde.com\/index.php\/wp-json\/wp\/v2\/media\/142910"}],"wp:attachment":[{"href":"https:\/\/corrientesdetarde.com\/index.php\/wp-json\/wp\/v2\/media?parent=142908"}],"wp:term":[{"taxonomy":"category","embeddable":true,"href":"https:\/\/corrientesdetarde.com\/index.php\/wp-json\/wp\/v2\/categories?post=142908"},{"taxonomy":"post_tag","embeddable":true,"href":"https:\/\/corrientesdetarde.com\/index.php\/wp-json\/wp\/v2\/tags?post=142908"}],"curies":[{"name":"wp","href":"https:\/\/api.w.org\/{rel}","templated":true}]}}