{"id":142959,"date":"2024-04-25T11:27:17","date_gmt":"2024-04-25T14:27:17","guid":{"rendered":"https:\/\/corrientesdetarde.com\/?p=142959"},"modified":"2024-04-25T11:27:21","modified_gmt":"2024-04-25T14:27:21","slug":"corrientes-marca-presencia-con-el-stand-avio-del-alma-en-la-feria-internacional-del-libro","status":"publish","type":"post","link":"https:\/\/corrientesdetarde.com\/index.php\/destacados\/corrientes-marca-presencia-con-el-stand-avio-del-alma-en-la-feria-internacional-del-libro\/","title":{"rendered":"Corrientes marca presencia con el stand \u201cAv\u00edo del Alma\u201d en la Feria Internacional del Libro"},"content":{"rendered":"\n<p>La 48\u00aa Feria Internacional del Libro de Buenos Aires abri\u00f3 sus puertas el martes y mi\u00e9rcoles para las jornadas profesionales que re\u00fane a editores, distribuidores, agentes literarios y bibliotecarios, y desde hoy lo har\u00e1 al p\u00fablico en general. En estos dos primeros d\u00edas, el stand de Corrientes \u201cAv\u00edo del alma\u201d ya alcanz\u00f3 un importante n\u00famero de ventas y se posiciona como espacio institucional destacado dentro del predio.<\/p>\n\n\n\n<p>\u201cCon orgullo podemos decir que el stand \u201cAv\u00edo del alma\u201d se destaca en la Feria Internacional del Libro, como un espacio provincial que visibiliza la obra de sus &nbsp;autores\u201d, se\u00f1al\u00f3 el presidente del Instituto de Cultura de Corrientes, Arq. Gabriel Romero, adem\u00e1s de precisar que s\u00f3lo cinco provincias cuentan en esta edici\u00f3n con un stand individual y Corrientes es la \u00fanica del Litoral.<\/p>\n\n\n\n<p>Como siempre ocurre, la Feria Internacional del Libro comenz\u00f3 con las jornadas profesionales que re\u00fane a los actores que forman parte de la cadena de valor del libro, tanto en el pa\u00eds como en el exterior. Y de acuerdo a los primeros datos que se dieron a conocer, se registr\u00f3 un positivo nivel de ventas para Alemania, Paraguay y librer\u00edas locales.<\/p>\n\n\n\n<p>En el caso de Corrientes, se vendieron m\u00e1s de 140 libros por un valor de $1.300.000, y se destaca la visita al stand \u201cAv\u00edo del alma\u201d del director de la Biblioteca del Instituto Iberoamericano de Berl\u00edn, Peter Altekrueger, quien en esta oportunidad seleccion\u00f3 100 t\u00edtulos.<\/p>\n\n\n\n<p>En la jornada de hoy se realizar\u00e1 el acto oficial de apertura de la 48\u00aa Feria Internacional del Libro de Buenos Aires, en el predio de La Rural en Palermo, y se espera que miles de personas visiten diariamente hasta el 13 de mayo.<\/p>\n\n\n\n<p><strong>Participaci\u00f3n correntina<\/strong><\/p>\n\n\n\n<p>Organizado por el Gobierno de la Provincia, a trav\u00e9s del Instituto de Cultura y con el apoyo del Consejo Federal de Inversiones (CFI), Corrientes cuenta nuevamente con un espacio institucional propio en la Feria. Se trata del stand \u201cAv\u00edo del alma\u201d, en el pabell\u00f3n Ocre, que da visibilidad a m\u00e1s de 260 t\u00edtulos de 180 autores correntinos, y donde se realizar\u00e1n actividades diarias que incluyen presentaciones de libros y show musicales.<\/p>\n\n\n\n<p>Adem\u00e1s, como ocurre cada a\u00f1o, Corrientes tendr\u00e1 su Acto Oficial en el marco de la Feria Internacional del Libro. El mismo se desarrollar\u00e1 el jueves 2 de mayo, a las 20,30, en la sala Jos\u00e9 Hern\u00e1ndez (pabell\u00f3n Rojo), mediante un homenaje a Juli\u00e1n Zini, la lectura de su poemario p\u00f3stumo \u201cRa\u00edces del alma\u201d y un cierre chamamecero a cargo de N\u00e9lida Argentina Zenon y la Embajada Playadito. &nbsp;<\/p>\n\n\n\n<p>Est\u00e1 previsto que participe el presidente del Instituto de Cultura de Corrientes, Arq. Gabriel Romero; el presidente de la Academia Nacional del Folklore, maestro Jos\u00e9 Luis Casti\u00f1eira de Dios; y el recitador Jos\u00e9 Lezcano, al igual que funcionarios y hacedores culturales invitados.&nbsp;<\/p>\n","protected":false},"excerpt":{"rendered":"<p>La 48\u00aa Feria Internacional del Libro de Buenos Aires abri\u00f3 sus puertas el martes y mi\u00e9rcoles para las jornadas profesionales que re\u00fane a editores, distribuidores, agentes literarios y bibliotecarios, y&hellip; <\/p>\n","protected":false},"author":12,"featured_media":142960,"comment_status":"closed","ping_status":"open","sticky":false,"template":"","format":"standard","meta":{"footnotes":""},"categories":[26,1208],"tags":[],"class_list":["post-142959","post","type-post","status-publish","format-standard","has-post-thumbnail","hentry","category-destacados","category-eventossociedad"],"_links":{"self":[{"href":"https:\/\/corrientesdetarde.com\/index.php\/wp-json\/wp\/v2\/posts\/142959","targetHints":{"allow":["GET"]}}],"collection":[{"href":"https:\/\/corrientesdetarde.com\/index.php\/wp-json\/wp\/v2\/posts"}],"about":[{"href":"https:\/\/corrientesdetarde.com\/index.php\/wp-json\/wp\/v2\/types\/post"}],"author":[{"embeddable":true,"href":"https:\/\/corrientesdetarde.com\/index.php\/wp-json\/wp\/v2\/users\/12"}],"replies":[{"embeddable":true,"href":"https:\/\/corrientesdetarde.com\/index.php\/wp-json\/wp\/v2\/comments?post=142959"}],"version-history":[{"count":1,"href":"https:\/\/corrientesdetarde.com\/index.php\/wp-json\/wp\/v2\/posts\/142959\/revisions"}],"predecessor-version":[{"id":142961,"href":"https:\/\/corrientesdetarde.com\/index.php\/wp-json\/wp\/v2\/posts\/142959\/revisions\/142961"}],"wp:featuredmedia":[{"embeddable":true,"href":"https:\/\/corrientesdetarde.com\/index.php\/wp-json\/wp\/v2\/media\/142960"}],"wp:attachment":[{"href":"https:\/\/corrientesdetarde.com\/index.php\/wp-json\/wp\/v2\/media?parent=142959"}],"wp:term":[{"taxonomy":"category","embeddable":true,"href":"https:\/\/corrientesdetarde.com\/index.php\/wp-json\/wp\/v2\/categories?post=142959"},{"taxonomy":"post_tag","embeddable":true,"href":"https:\/\/corrientesdetarde.com\/index.php\/wp-json\/wp\/v2\/tags?post=142959"}],"curies":[{"name":"wp","href":"https:\/\/api.w.org\/{rel}","templated":true}]}}