{"id":142966,"date":"2024-04-25T12:02:51","date_gmt":"2024-04-25T15:02:51","guid":{"rendered":"https:\/\/corrientesdetarde.com\/?p=142966"},"modified":"2024-04-25T12:02:54","modified_gmt":"2024-04-25T15:02:54","slug":"drama-en-jose-c-paz-abandonaron-a-un-bebe-en-una-bolsa-y-un-auto-le-aplasto-la-cabeza","status":"publish","type":"post","link":"https:\/\/corrientesdetarde.com\/index.php\/nacionales\/drama-en-jose-c-paz-abandonaron-a-un-bebe-en-una-bolsa-y-un-auto-le-aplasto-la-cabeza\/","title":{"rendered":"Drama en Jos\u00e9 C. Paz: abandonaron a un beb\u00e9 en una bolsa y un auto le aplast\u00f3 la cabeza"},"content":{"rendered":"\n<p>La escena con la que se top\u00f3 un vecino de la localidad bonaerense de Jos\u00e9 C. Paz este mi\u00e9rcoles por la tarde es la definici\u00f3n gr\u00e1fica del horror despu\u00e9s del horror. Un beb\u00e9, que hab\u00eda sido&nbsp;<strong>abandonado en una bolsa<\/strong>&nbsp;en la calle, fue atropellado por un auto:&nbsp;<strong>le aplast\u00f3 la cabeza&nbsp;<\/strong>y lo mat\u00f3.<\/p>\n\n\n\n<p>De acuerdo a los primeros testimonios, la v\u00edctima fue abandonada a plena luz del d\u00eda en la esquina de la escuela N\u00b0 13, ubicada en las calles Corbeta Uruguay y Valent\u00edn Alsina. Estaba&nbsp;<strong>envuelta con una campera y adentro de una bolsa&nbsp;<\/strong>de pl\u00e1stico.<\/p>\n\n\n\n<p>Al parecer, un perro fue el primero en toparse con el bulto y<strong>&nbsp;lo arrastr\u00f3 hasta la calle<\/strong>, donde accidentalmente un auto que circulaba por el lugar<strong>&nbsp;no lleg\u00f3 a esquivarlo<\/strong>&nbsp;y le pas\u00f3 por encima.<\/p>\n\n\n\n<p>\u201cAyer alrededor de las 17 estaba en el sill\u00f3n tomando mate, vi unos polic\u00edas y despu\u00e9s me entero que hab\u00edan encontrado a un beb\u00e9 muerto. Yo&nbsp;<strong>vi la bolsa pero nunca imagin\u00e9&nbsp;<\/strong>que iba a ser una criatura\u201d, cont\u00f3 un vecino del barrio, en di\u00e1logo con&nbsp;<em>A24.<\/em><\/p>\n\n\n\n<p>El hombre manifest\u00f3 que se trata de una zona donde&nbsp;<strong>habitualmente \u201ctiran basura y perros muertos\u201d<\/strong>. \u201cAntes yo quemaba todo, ahora est\u00e1 un poco calmado\u201d, a\u00f1adi\u00f3 sin embargo, conmocionado por el macabro hallazgo.<\/p>\n","protected":false},"excerpt":{"rendered":"<p>La escena con la que se top\u00f3 un vecino de la localidad bonaerense de Jos\u00e9 C. Paz este mi\u00e9rcoles por la tarde es la definici\u00f3n gr\u00e1fica del horror despu\u00e9s del&hellip; <\/p>\n","protected":false},"author":12,"featured_media":142973,"comment_status":"closed","ping_status":"open","sticky":false,"template":"","format":"standard","meta":{"footnotes":""},"categories":[10,33],"tags":[],"class_list":["post-142966","post","type-post","status-publish","format-standard","has-post-thumbnail","hentry","category-nacionales","category-policiales"],"_links":{"self":[{"href":"https:\/\/corrientesdetarde.com\/index.php\/wp-json\/wp\/v2\/posts\/142966","targetHints":{"allow":["GET"]}}],"collection":[{"href":"https:\/\/corrientesdetarde.com\/index.php\/wp-json\/wp\/v2\/posts"}],"about":[{"href":"https:\/\/corrientesdetarde.com\/index.php\/wp-json\/wp\/v2\/types\/post"}],"author":[{"embeddable":true,"href":"https:\/\/corrientesdetarde.com\/index.php\/wp-json\/wp\/v2\/users\/12"}],"replies":[{"embeddable":true,"href":"https:\/\/corrientesdetarde.com\/index.php\/wp-json\/wp\/v2\/comments?post=142966"}],"version-history":[{"count":1,"href":"https:\/\/corrientesdetarde.com\/index.php\/wp-json\/wp\/v2\/posts\/142966\/revisions"}],"predecessor-version":[{"id":142974,"href":"https:\/\/corrientesdetarde.com\/index.php\/wp-json\/wp\/v2\/posts\/142966\/revisions\/142974"}],"wp:featuredmedia":[{"embeddable":true,"href":"https:\/\/corrientesdetarde.com\/index.php\/wp-json\/wp\/v2\/media\/142973"}],"wp:attachment":[{"href":"https:\/\/corrientesdetarde.com\/index.php\/wp-json\/wp\/v2\/media?parent=142966"}],"wp:term":[{"taxonomy":"category","embeddable":true,"href":"https:\/\/corrientesdetarde.com\/index.php\/wp-json\/wp\/v2\/categories?post=142966"},{"taxonomy":"post_tag","embeddable":true,"href":"https:\/\/corrientesdetarde.com\/index.php\/wp-json\/wp\/v2\/tags?post=142966"}],"curies":[{"name":"wp","href":"https:\/\/api.w.org\/{rel}","templated":true}]}}