{"id":14297,"date":"2022-10-25T10:58:30","date_gmt":"2022-10-25T13:58:30","guid":{"rendered":"https:\/\/corrientesdetarde.com\/?p=14297"},"modified":"2022-10-25T10:58:34","modified_gmt":"2022-10-25T13:58:34","slug":"apple-sube-los-precios-de-sus-servicios-pueden-subir-los-precios-en-argentina","status":"publish","type":"post","link":"https:\/\/corrientesdetarde.com\/index.php\/informacion-general\/apple-sube-los-precios-de-sus-servicios-pueden-subir-los-precios-en-argentina\/","title":{"rendered":"Apple sube los precios de sus servicios: \u00bfpueden subir los precios en Argentina?"},"content":{"rendered":"\n<p>Apple subi\u00f3 los precios de sus paquetes de servicios de m\u00fasica, TV y Apple One a medida que sube la inflaci\u00f3n. Se trata del mayor aumento en tres a\u00f1os.<\/p>\n\n\n\n<p>Apple subi\u00f3 los precios de sus paquetes de servicios de m\u00fasica, TV y Apple One a medida que sube la inflaci\u00f3n. Se trata del mayor aumento en tres a\u00f1os. Qu\u00e9 puede pasar en Argentina.<\/p>\n\n\n\n<p>La compa\u00f1\u00eda aument\u00f3 el precio de Apple Music a u$s10,99 al mes desde u$s9,99 para particulares. El precio de TV+ subir\u00e1 de u$s4,99 a u$s6,99 y el paquete est\u00e1ndar Apple One aumentar\u00e1 de u$s14,95 a u$s16,95. Apple tambi\u00e9n elevar\u00e1 su plan anual de m\u00fasica de USD 99 a u$s109 y su suscripci\u00f3n anual de TV+ de u$s49 a u$s69.<\/p>\n\n\n\n<p>Los paquetes de Apple One para familias van de u$s19,95 a u$s22,95, mientras que el paquete Premier, que agrega News+, Fitness+ y almacenamiento adicional adem\u00e1s de Arcade, Music y TV+, oscila entre u$s29,95 y u$s32,95. Estos cambios son los primeros aumentos de precios de los servicios desde su lanzamiento.<\/p>\n\n\n\n<p>Apple dijo en un comunicado que el aumento del precio de la m\u00fasica &#8220;se debe a un alza en los costos de las licencias y que los artistas y compositores ahora ganar\u00e1n m\u00e1s dinero&#8221;.<\/p>\n\n\n\n<p>La compa\u00f1\u00eda dijo que Apple TV+, mientras tanto, fue introducido &#8220;a un precio muy bajo porque comenzamos con apenas unos pocos programas y pel\u00edculas&#8221;. El servicio ahora &#8220;ofrece una amplia selecci\u00f3n de series, largometrajes, documentales y entretenimiento para ni\u00f1os y familias galardonados y ampliamente aclamados de los narradores m\u00e1s creativos del mundo&#8221;, dijo Apple.<\/p>\n\n\n\n<p>Por el momento, la compa\u00f1\u00eda no dio a conocer qu\u00e9 suceder\u00e1 con los precios en Latinoam\u00e9rica y se mantienen sin cambios.<\/p>\n","protected":false},"excerpt":{"rendered":"<p>Apple subi\u00f3 los precios de sus paquetes de servicios de m\u00fasica, TV y Apple One a medida que sube la inflaci\u00f3n. Se trata del mayor aumento en tres a\u00f1os. Apple&hellip; <\/p>\n","protected":false},"author":4,"featured_media":14298,"comment_status":"closed","ping_status":"open","sticky":false,"template":"","format":"standard","meta":{"footnotes":""},"categories":[1],"tags":[],"class_list":["post-14297","post","type-post","status-publish","format-standard","has-post-thumbnail","hentry","category-informacion-general"],"_links":{"self":[{"href":"https:\/\/corrientesdetarde.com\/index.php\/wp-json\/wp\/v2\/posts\/14297","targetHints":{"allow":["GET"]}}],"collection":[{"href":"https:\/\/corrientesdetarde.com\/index.php\/wp-json\/wp\/v2\/posts"}],"about":[{"href":"https:\/\/corrientesdetarde.com\/index.php\/wp-json\/wp\/v2\/types\/post"}],"author":[{"embeddable":true,"href":"https:\/\/corrientesdetarde.com\/index.php\/wp-json\/wp\/v2\/users\/4"}],"replies":[{"embeddable":true,"href":"https:\/\/corrientesdetarde.com\/index.php\/wp-json\/wp\/v2\/comments?post=14297"}],"version-history":[{"count":1,"href":"https:\/\/corrientesdetarde.com\/index.php\/wp-json\/wp\/v2\/posts\/14297\/revisions"}],"predecessor-version":[{"id":14299,"href":"https:\/\/corrientesdetarde.com\/index.php\/wp-json\/wp\/v2\/posts\/14297\/revisions\/14299"}],"wp:featuredmedia":[{"embeddable":true,"href":"https:\/\/corrientesdetarde.com\/index.php\/wp-json\/wp\/v2\/media\/14298"}],"wp:attachment":[{"href":"https:\/\/corrientesdetarde.com\/index.php\/wp-json\/wp\/v2\/media?parent=14297"}],"wp:term":[{"taxonomy":"category","embeddable":true,"href":"https:\/\/corrientesdetarde.com\/index.php\/wp-json\/wp\/v2\/categories?post=14297"},{"taxonomy":"post_tag","embeddable":true,"href":"https:\/\/corrientesdetarde.com\/index.php\/wp-json\/wp\/v2\/tags?post=14297"}],"curies":[{"name":"wp","href":"https:\/\/api.w.org\/{rel}","templated":true}]}}