{"id":142982,"date":"2024-04-25T13:21:41","date_gmt":"2024-04-25T16:21:41","guid":{"rendered":"https:\/\/corrientesdetarde.com\/?p=142982"},"modified":"2024-04-25T13:21:44","modified_gmt":"2024-04-25T16:21:44","slug":"a-pura-risa-comenzo-el-ciclo-humors-en-el-centro-cultural-adolfo-mors","status":"publish","type":"post","link":"https:\/\/corrientesdetarde.com\/index.php\/cultura\/a-pura-risa-comenzo-el-ciclo-humors-en-el-centro-cultural-adolfo-mors\/","title":{"rendered":"A pura risa comenz\u00f3 el ciclo \u201cHuMors\u201d en el Centro Cultural Adolfo Mors"},"content":{"rendered":"\n<figure class=\"wp-block-table\"><table><tbody><tr><td><em>La Municipalidad de Corrientes pone en marcha un ciclo dedicado al humor. Se realizar\u00e1 todos los mi\u00e9rcoles, a partir de las 21, en el espacio cultural del parque Camb\u00e1 Cu\u00e1, con acceso libre y gratuito. Esta propuesta invita a los vecinos de la ciudad, a disfrutar y divertirse con diferentes expresiones art\u00edsticas que buscar\u00e1n sacarle una risa o hasta una carcajada.<\/em>&nbsp;<br>&nbsp;Con \u201cEl HuMors es Cultura\u201d, la Municipalidad de Corrientes, a trav\u00e9s de la Secretar\u00eda de Cultura y Educaci\u00f3n, lanza una nueva propuesta que invita a los vecinos de la ciudad a disfrutar de una noche de risas y diversi\u00f3n, con acceso libre y gratuito. La actividad se desarrollar\u00e1 todos los mi\u00e9rcoles, a las 21, en el Centro Cultural Adolfo Mors (Pellegrini 542). En esta primera jornada, pasaron por el escenario destacados standaperos de la regi\u00f3n.<br>&nbsp;<br>El secretario de Cultura y Educaci\u00f3n del municipio, Jos\u00e9 Sand, destac\u00f3 que \u201ccon esta actividad, que la desarrollamos en el marco del Mes de Corrientes, queremos revalorizar al humor y darle un sentido de pertenencia a tantos actores y humoristas que nos llenan de alegr\u00eda\u201d.<br>&nbsp;<br>El funcionario consider\u00f3 que \u201cel stand up es una actividad poco explotada en la zona y queremos trabajar con este sector para que puedan dar a conocer a sus productos, su preparaci\u00f3n actoral y a partir de all\u00ed que tengan mayor visibilidad y mostrar que hay mucho talento en la regi\u00f3n\u201d.<br>&nbsp;<br>Sand tambi\u00e9n acot\u00f3 que como complemento de este ciclo de humor \u201cvamos a desarrollar diferentes talleres para todas aquellas personas que quieran capitalizar y enriquecer su lado actoral, con profesores que van a guiarla, y dar ciertos tips que hacen a esta expresi\u00f3n art\u00edstica\u201d.<br>&nbsp;<br>Federico Molina, coordinador del evento, indic\u00f3 que \u201ccon esta propuesta se busca instaurar un nuevo ciclo de humor para darle lugar a esta rama del arte que a\u00fan no est\u00e1 muy explotada en la ciudad\u201d, al tiempo que agradeci\u00f3 \u201ca la Municipalidad y la Secretar\u00eda de Cultura y Educaci\u00f3n por brindarnos este espacio para re\u00edrnos un ratito\u201d.<br>&nbsp;<br>El standapero correntino invit\u00f3 a la comunidad a acercarse todos los mi\u00e9rcoles, a las 21, en el espacio cultural ubicado en el parque Camb\u00e1 Cu\u00e1, \u201cdonde la gente podr\u00e1 disfrutar de diferentes propuestas humor\u00edsticas, en esta primera noche hay stand up, pero abrimos la convocatoria para payasos, show de t\u00edteres, entre otras alternativas que hagan re\u00edr\u201d, y est\u00e1 previsto adem\u00e1s habilitar un \u201cOpen Mic\u201d, para que quienes se est\u00e9n presentes y animen, se suban al escenario con la consigna de hacer re\u00edr.<br>&nbsp;<br>De la mano de la compa\u00f1\u00eda \u201cStandUp del NEA\u201d, en el debut de esta propuesta cultural actuaron los humoristas Eze Sosa, Cili Insaurralde y Josefina S\u00e1nchez. El standupero Ezequiel Sosa invit\u00f3 a los vecinos a que \u201cvengan a divertirse y re\u00edrse\u201d; y agradeci\u00f3 a la Municipalidad \u201cporque nos da esta oportunidad de traer la comedia y que todas las semanas el p\u00fablico se pueda encontrar con otras propuestas humor\u00edsticas\u201d.<br>&nbsp;<br><a href=\"https:\/\/ciudaddecorrientes.us12.list-manage.com\/track\/click?u=253e4bcff71216c6af771c3c9&amp;id=3be68ff08f&amp;e=17643edfa8\" target=\"_blank\" rel=\"noreferrer noopener\">&nbsp;NOTA TV.<\/a><br>Jos\u00e9 Sand, secretario de Cultura y Educaci\u00f3n municipal; Federico Molina, coordinador del evento; Ezequiel Sosa, comediante.<\/td><\/tr><\/tbody><\/table><\/figure>\n\n\n\n<figure class=\"wp-block-table\"><table><tbody><tr><td><\/td><\/tr><\/tbody><\/table><\/figure>\n\n\n\n<figure class=\"wp-block-image size-large\"><img loading=\"lazy\" decoding=\"async\" width=\"1024\" height=\"682\" src=\"https:\/\/corrientesdetarde.com\/wp-content\/uploads\/2024\/04\/image-671-1024x682.png\" alt=\"\" class=\"wp-image-142983\" srcset=\"https:\/\/corrientesdetarde.com\/wp-content\/uploads\/2024\/04\/image-671-1024x682.png 1024w, https:\/\/corrientesdetarde.com\/wp-content\/uploads\/2024\/04\/image-671-300x200.png 300w, https:\/\/corrientesdetarde.com\/wp-content\/uploads\/2024\/04\/image-671-768x512.png 768w, https:\/\/corrientesdetarde.com\/wp-content\/uploads\/2024\/04\/image-671.png 1280w\" sizes=\"auto, (max-width: 1024px) 100vw, 1024px\" \/><\/figure>\n\n\n\n<figure class=\"wp-block-image size-large\"><img loading=\"lazy\" decoding=\"async\" width=\"1024\" height=\"682\" src=\"https:\/\/corrientesdetarde.com\/wp-content\/uploads\/2024\/04\/image-672-1024x682.png\" alt=\"\" class=\"wp-image-142984\" srcset=\"https:\/\/corrientesdetarde.com\/wp-content\/uploads\/2024\/04\/image-672-1024x682.png 1024w, https:\/\/corrientesdetarde.com\/wp-content\/uploads\/2024\/04\/image-672-300x200.png 300w, https:\/\/corrientesdetarde.com\/wp-content\/uploads\/2024\/04\/image-672-768x512.png 768w, https:\/\/corrientesdetarde.com\/wp-content\/uploads\/2024\/04\/image-672.png 1280w\" sizes=\"auto, (max-width: 1024px) 100vw, 1024px\" \/><\/figure>\n\n\n\n<figure class=\"wp-block-image size-large\"><img loading=\"lazy\" decoding=\"async\" width=\"1024\" height=\"682\" src=\"https:\/\/corrientesdetarde.com\/wp-content\/uploads\/2024\/04\/image-673-1024x682.png\" alt=\"\" class=\"wp-image-142985\" srcset=\"https:\/\/corrientesdetarde.com\/wp-content\/uploads\/2024\/04\/image-673-1024x682.png 1024w, https:\/\/corrientesdetarde.com\/wp-content\/uploads\/2024\/04\/image-673-300x200.png 300w, https:\/\/corrientesdetarde.com\/wp-content\/uploads\/2024\/04\/image-673-768x512.png 768w, https:\/\/corrientesdetarde.com\/wp-content\/uploads\/2024\/04\/image-673.png 1280w\" sizes=\"auto, (max-width: 1024px) 100vw, 1024px\" \/><\/figure>\n\n\n\n<figure class=\"wp-block-image size-large\"><img loading=\"lazy\" decoding=\"async\" width=\"1024\" height=\"682\" src=\"https:\/\/corrientesdetarde.com\/wp-content\/uploads\/2024\/04\/image-675-1024x682.png\" alt=\"\" class=\"wp-image-142987\" srcset=\"https:\/\/corrientesdetarde.com\/wp-content\/uploads\/2024\/04\/image-675-1024x682.png 1024w, https:\/\/corrientesdetarde.com\/wp-content\/uploads\/2024\/04\/image-675-300x200.png 300w, https:\/\/corrientesdetarde.com\/wp-content\/uploads\/2024\/04\/image-675-768x512.png 768w, https:\/\/corrientesdetarde.com\/wp-content\/uploads\/2024\/04\/image-675.png 1280w\" sizes=\"auto, (max-width: 1024px) 100vw, 1024px\" \/><\/figure>\n","protected":false},"excerpt":{"rendered":"<p>La Municipalidad de Corrientes pone en marcha un ciclo dedicado al humor. Se realizar\u00e1 todos los mi\u00e9rcoles, a partir de las 21, en el espacio cultural del parque Camb\u00e1 Cu\u00e1,&hellip; <\/p>\n","protected":false},"author":8,"featured_media":142986,"comment_status":"closed","ping_status":"open","sticky":false,"template":"","format":"standard","meta":{"footnotes":""},"categories":[15],"tags":[],"class_list":["post-142982","post","type-post","status-publish","format-standard","has-post-thumbnail","hentry","category-cultura"],"_links":{"self":[{"href":"https:\/\/corrientesdetarde.com\/index.php\/wp-json\/wp\/v2\/posts\/142982","targetHints":{"allow":["GET"]}}],"collection":[{"href":"https:\/\/corrientesdetarde.com\/index.php\/wp-json\/wp\/v2\/posts"}],"about":[{"href":"https:\/\/corrientesdetarde.com\/index.php\/wp-json\/wp\/v2\/types\/post"}],"author":[{"embeddable":true,"href":"https:\/\/corrientesdetarde.com\/index.php\/wp-json\/wp\/v2\/users\/8"}],"replies":[{"embeddable":true,"href":"https:\/\/corrientesdetarde.com\/index.php\/wp-json\/wp\/v2\/comments?post=142982"}],"version-history":[{"count":1,"href":"https:\/\/corrientesdetarde.com\/index.php\/wp-json\/wp\/v2\/posts\/142982\/revisions"}],"predecessor-version":[{"id":142988,"href":"https:\/\/corrientesdetarde.com\/index.php\/wp-json\/wp\/v2\/posts\/142982\/revisions\/142988"}],"wp:featuredmedia":[{"embeddable":true,"href":"https:\/\/corrientesdetarde.com\/index.php\/wp-json\/wp\/v2\/media\/142986"}],"wp:attachment":[{"href":"https:\/\/corrientesdetarde.com\/index.php\/wp-json\/wp\/v2\/media?parent=142982"}],"wp:term":[{"taxonomy":"category","embeddable":true,"href":"https:\/\/corrientesdetarde.com\/index.php\/wp-json\/wp\/v2\/categories?post=142982"},{"taxonomy":"post_tag","embeddable":true,"href":"https:\/\/corrientesdetarde.com\/index.php\/wp-json\/wp\/v2\/tags?post=142982"}],"curies":[{"name":"wp","href":"https:\/\/api.w.org\/{rel}","templated":true}]}}