{"id":142989,"date":"2024-04-25T13:23:37","date_gmt":"2024-04-25T16:23:37","guid":{"rendered":"https:\/\/corrientesdetarde.com\/?p=142989"},"modified":"2024-04-25T13:23:49","modified_gmt":"2024-04-25T16:23:49","slug":"salud-y-medicina-trabajan-en-estrategias-para-seguir-fortaleciendo-el-sistema-de-residencias","status":"publish","type":"post","link":"https:\/\/corrientesdetarde.com\/index.php\/bienestar-y-salud\/salud-y-medicina-trabajan-en-estrategias-para-seguir-fortaleciendo-el-sistema-de-residencias\/","title":{"rendered":"Salud y Medicina trabajan en estrategias para seguir fortaleciendo el sistema de Residencias"},"content":{"rendered":"\n<p><em>Por eso, se trabaja junto con la Facultad de Medicina de la UNNE. \u201cEste a\u00f1o, fueron m\u00e1s de 900 inscriptos\u201d, remarc\u00f3 el titular de la cartera sanitaria, Ricardo Cardozo.<\/em><\/p>\n\n\n\n<p>El ministro de Salud P\u00fablica de la Provincia, Ricardo Cardozo, se reuni\u00f3 hoy con el Decano de la Facultad de Medicina de la Universidad Nacional del Nordeste (UNNE), Germ\u00e1n Pagno, y con la secretaria de Posgrado de esa facultad, M\u00f3nica Aucher, con el fin de coordinar nuevas estrategias para seguir optimizando el sistema de Residencias en Salud.<\/p>\n\n\n\n<p>\u201cNos hemos reunido con el se\u00f1or Decano de la Facultad de Medicina y M\u00f3nica Aucher para coordinar nuevas estrategias, que se han planteado en este \u00e1mbito, que tendr\u00e1n como fin mejorar la adhesi\u00f3n de los profesionales nuevos en nuestro sistema de Residencias en Salud\u201d, dijo el ministro&nbsp;Ricardo Cardozo.<\/p>\n\n\n\n<p>Estas estrategias se trabajar\u00e1n, por parte del Ministerio, con la Direcci\u00f3n General de Capital Humano, a cargo de Teresita Dom\u00ednguez, y con la Subsecretar\u00eda de Coordinaci\u00f3n y Planificaci\u00f3n Sanitaria, a cargo de Alfredo Revidatti.<\/p>\n\n\n\n<p>\u201cEn este sentido, se presentaron varias estrategias que van a ser analizadas para implementarse el a\u00f1o que viene porque este a\u00f1o ya se realiz\u00f3 la inscripci\u00f3n\u201d, agreg\u00f3 al respecto.<\/p>\n\n\n\n<p><strong>Fortalecimiento del sistema<\/strong><\/p>\n\n\n\n<p>Por otra parte, el ministro remarc\u00f3: \u201cEste a\u00f1o, como los anteriores, hemos tenido muy buena cantidad de inscriptos en nuestras Residencias, superando con m\u00e1s de 900 inscriptos, lo que nos habla de lo s\u00f3lido y vigoroso que es nuestro Sistema y el trabajo mancomunado con la Facultad de Medicina y los hospitales de la Provincia\u201d.<\/p>\n\n\n\n<p>Y, agreg\u00f3: \u201cEsto contrasta un poco con lo que sucede en la media nacional, ya que much\u00edsimas provincias, la mayor\u00eda, plantean la falta de cobertura de los cupos de residencias por parte de aspirantes, lo que pone a Corrientes en un lugar privilegiado\u201d.<\/p>\n\n\n\n<figure class=\"wp-block-image size-large\"><img loading=\"lazy\" decoding=\"async\" width=\"1024\" height=\"683\" src=\"https:\/\/corrientesdetarde.com\/wp-content\/uploads\/2024\/04\/image-677-1024x683.png\" alt=\"\" class=\"wp-image-142991\" srcset=\"https:\/\/corrientesdetarde.com\/wp-content\/uploads\/2024\/04\/image-677-1024x683.png 1024w, https:\/\/corrientesdetarde.com\/wp-content\/uploads\/2024\/04\/image-677-300x200.png 300w, https:\/\/corrientesdetarde.com\/wp-content\/uploads\/2024\/04\/image-677-768x512.png 768w, https:\/\/corrientesdetarde.com\/wp-content\/uploads\/2024\/04\/image-677-1536x1024.png 1536w, https:\/\/corrientesdetarde.com\/wp-content\/uploads\/2024\/04\/image-677-2048x1365.png 2048w\" sizes=\"auto, (max-width: 1024px) 100vw, 1024px\" \/><\/figure>\n","protected":false},"excerpt":{"rendered":"<p>Por eso, se trabaja junto con la Facultad de Medicina de la UNNE. \u201cEste a\u00f1o, fueron m\u00e1s de 900 inscriptos\u201d, remarc\u00f3 el titular de la cartera sanitaria, Ricardo Cardozo. El&hellip; <\/p>\n","protected":false},"author":8,"featured_media":142990,"comment_status":"closed","ping_status":"open","sticky":false,"template":"","format":"standard","meta":{"footnotes":""},"categories":[16],"tags":[],"class_list":["post-142989","post","type-post","status-publish","format-standard","has-post-thumbnail","hentry","category-bienestar-y-salud"],"_links":{"self":[{"href":"https:\/\/corrientesdetarde.com\/index.php\/wp-json\/wp\/v2\/posts\/142989","targetHints":{"allow":["GET"]}}],"collection":[{"href":"https:\/\/corrientesdetarde.com\/index.php\/wp-json\/wp\/v2\/posts"}],"about":[{"href":"https:\/\/corrientesdetarde.com\/index.php\/wp-json\/wp\/v2\/types\/post"}],"author":[{"embeddable":true,"href":"https:\/\/corrientesdetarde.com\/index.php\/wp-json\/wp\/v2\/users\/8"}],"replies":[{"embeddable":true,"href":"https:\/\/corrientesdetarde.com\/index.php\/wp-json\/wp\/v2\/comments?post=142989"}],"version-history":[{"count":1,"href":"https:\/\/corrientesdetarde.com\/index.php\/wp-json\/wp\/v2\/posts\/142989\/revisions"}],"predecessor-version":[{"id":142992,"href":"https:\/\/corrientesdetarde.com\/index.php\/wp-json\/wp\/v2\/posts\/142989\/revisions\/142992"}],"wp:featuredmedia":[{"embeddable":true,"href":"https:\/\/corrientesdetarde.com\/index.php\/wp-json\/wp\/v2\/media\/142990"}],"wp:attachment":[{"href":"https:\/\/corrientesdetarde.com\/index.php\/wp-json\/wp\/v2\/media?parent=142989"}],"wp:term":[{"taxonomy":"category","embeddable":true,"href":"https:\/\/corrientesdetarde.com\/index.php\/wp-json\/wp\/v2\/categories?post=142989"},{"taxonomy":"post_tag","embeddable":true,"href":"https:\/\/corrientesdetarde.com\/index.php\/wp-json\/wp\/v2\/tags?post=142989"}],"curies":[{"name":"wp","href":"https:\/\/api.w.org\/{rel}","templated":true}]}}