{"id":14302,"date":"2022-10-25T11:12:06","date_gmt":"2022-10-25T14:12:06","guid":{"rendered":"https:\/\/corrientesdetarde.com\/?p=14302"},"modified":"2022-10-25T11:12:09","modified_gmt":"2022-10-25T14:12:09","slug":"una-biblioteca-popular-correntina-guarda-un-tesoro-al-alcance-de-todos","status":"publish","type":"post","link":"https:\/\/corrientesdetarde.com\/index.php\/cultura\/una-biblioteca-popular-correntina-guarda-un-tesoro-al-alcance-de-todos\/","title":{"rendered":"Una biblioteca popular correntina guarda un tesoro al alcance de todos"},"content":{"rendered":"\n<p>En el coraz\u00f3n de barrio San Ger\u00f3nimo de la Capital correntina, en un sector del predio donde funciona la Escuela N\u00ba 158 Colegio Argentino, existe un tesoro resguardado para la posteridad que, sin embargo, est\u00e1 a disposici\u00f3n de quienes lo quieran conocer. Se trata de la colecci\u00f3n de libros antiguos de la Biblioteca Popular Fray Luis de Bola\u00f1os. Un verdadero patrimonio cultural de la ciudad.<br>Esta biblioteca, que se encuentra sobre la calle Leopoldo Marechal 4.949, fue fundada el 5 de mayo de 1993 y forma parte de la Comisi\u00f3n Nacional de Bibliotecas Populares (Conabip). El origen de su valioso material bibliogr\u00e1fico se remonta a la anterior sede del Colegio Argentino.<br>Seg\u00fan explican en el blog \u00abTesoros de la BP Fray Luis de Bola\u00f1os\u00bb, la instituci\u00f3n educativa funcionaba en lo que antes eran los salones del convento de la Merced, hoy la Iglesia que se encuentra en la esquina entre Salta y Buenos Aires. Para el a\u00f1o 1971, el colegio fue trasladado al barrio San Ger\u00f3nimo, y en ese movimiento, se llevaron tambi\u00e9n lo que quedaba de los registros bibliogr\u00e1ficos y documentales, los cuales hoy siguen siendo custodiados en su nueva sede.<br>\u00abEn ocasi\u00f3n de dar continuidad a la biblioteca escolar, en 1993 se oficializa su funcionamiento como Biblioteca Popular Fray Luis de Bola\u00f1os, obteniendo el reconocimiento de Conabip, manteniendo sus servicios principales de biblioteca escolar\u00bb, completa el perfil.<\/p>\n\n\n\n<p>BIEN COM\u00daN<\/p>\n\n\n\n<p>\u00abEstos materiales son de la comunidad y est\u00e1n disponibles para consultas de quienes lo quieran ver\u00bb, dijo  Mirta Fern\u00e1ndez, encargada de atender al p\u00fablico en la sede de la biblioteca.<br>Coment\u00f3 adem\u00e1s que, con este objetivo de acercar este valioso tesoro a la comunidad, hace un tiempo comenzaron un arduo trabajo de digitalizaci\u00f3n de los libros. \u00abPero por ahora eso est\u00e1 interrumpido, porque eso lo hac\u00eda una docente de la escuela que tambi\u00e9n fue profesora de la carrera de bibliotecolog\u00eda, quien ya est\u00e1 jubilada. Es un trabajo ad honorem, ya que no contamos con fondos suficientes y no hay personal que se dedique exclusivamente a eso\u00bb, agreg\u00f3.<br>Esta labor incansable por la preservaci\u00f3n, no cay\u00f3 en saco roto. Hoy, algunos de estos libros en su versi\u00f3n digital est\u00e1n disponibles en el blog de la biblioteca. Se pueden consultar, por ejemplo, t\u00edtulos de mediados del siglo pasado. \u00abEsperamos poder retomar ese trabajo cuando se pueda. La verdad es que son libros hermosos, algunos con ilustraciones muy bellas\u00bb, dijo Mirta.<br>Tambi\u00e9n cont\u00f3 que en esta biblioteca los lectores, chicos y grandes, pueden encontrarse con todo tipo de g\u00e9neros literarios. \u00abHay para ni\u00f1os, adolescentes, adultos, de todos los g\u00e9neros, s\u00f3lo tienen que acercarse. Tambi\u00e9n tenemos los \u2018bibliom\u00f3viles\u2019 que sacamos al patio de la escuela para que los chicos se acerquen\u00bb, dijo la bibliotecaria, aunque se lament\u00f3 porque cada vez son menos los alumnos que se interesan por los libros que tienen a disposici\u00f3n.<br>A\u00fan con las trabas que impone la tecnolog\u00eda, el arte de difundir la lectura en este espacio sigue firme. \u00abTenemos talleres de lectura algunos d\u00edas a la semana y tambi\u00e9n, para los interesados en asociarse, tienen que saber que cualquiera puede hacerlo abonando una sola cuota de 500 pesos para todo el a\u00f1o y 300 si son menores de 14 a\u00f1os\u00bb.<br>Una suma m\u00ednima, teniendo en cuenta que con ese \u00fanico pago, los socios pueden llevarse prestado cualquiera de las obras que este templo de la cultura resguarda para la comunidad.<\/p>\n\n\n\n<p><\/p>\n\n\n\n<p>FUENTE: EL LIBERTADOR<\/p>\n","protected":false},"excerpt":{"rendered":"<p>En el coraz\u00f3n de barrio San Ger\u00f3nimo de la Capital correntina, en un sector del predio donde funciona la Escuela N\u00ba 158 Colegio Argentino, existe un tesoro resguardado para la&hellip; <\/p>\n","protected":false},"author":1,"featured_media":14303,"comment_status":"closed","ping_status":"open","sticky":false,"template":"","format":"standard","meta":{"footnotes":""},"categories":[15],"tags":[],"class_list":["post-14302","post","type-post","status-publish","format-standard","has-post-thumbnail","hentry","category-cultura"],"_links":{"self":[{"href":"https:\/\/corrientesdetarde.com\/index.php\/wp-json\/wp\/v2\/posts\/14302","targetHints":{"allow":["GET"]}}],"collection":[{"href":"https:\/\/corrientesdetarde.com\/index.php\/wp-json\/wp\/v2\/posts"}],"about":[{"href":"https:\/\/corrientesdetarde.com\/index.php\/wp-json\/wp\/v2\/types\/post"}],"author":[{"embeddable":true,"href":"https:\/\/corrientesdetarde.com\/index.php\/wp-json\/wp\/v2\/users\/1"}],"replies":[{"embeddable":true,"href":"https:\/\/corrientesdetarde.com\/index.php\/wp-json\/wp\/v2\/comments?post=14302"}],"version-history":[{"count":1,"href":"https:\/\/corrientesdetarde.com\/index.php\/wp-json\/wp\/v2\/posts\/14302\/revisions"}],"predecessor-version":[{"id":14304,"href":"https:\/\/corrientesdetarde.com\/index.php\/wp-json\/wp\/v2\/posts\/14302\/revisions\/14304"}],"wp:featuredmedia":[{"embeddable":true,"href":"https:\/\/corrientesdetarde.com\/index.php\/wp-json\/wp\/v2\/media\/14303"}],"wp:attachment":[{"href":"https:\/\/corrientesdetarde.com\/index.php\/wp-json\/wp\/v2\/media?parent=14302"}],"wp:term":[{"taxonomy":"category","embeddable":true,"href":"https:\/\/corrientesdetarde.com\/index.php\/wp-json\/wp\/v2\/categories?post=14302"},{"taxonomy":"post_tag","embeddable":true,"href":"https:\/\/corrientesdetarde.com\/index.php\/wp-json\/wp\/v2\/tags?post=14302"}],"curies":[{"name":"wp","href":"https:\/\/api.w.org\/{rel}","templated":true}]}}