{"id":143037,"date":"2024-04-25T15:30:18","date_gmt":"2024-04-25T18:30:18","guid":{"rendered":"https:\/\/corrientesdetarde.com\/?p=143037"},"modified":"2024-04-25T15:30:30","modified_gmt":"2024-04-25T18:30:30","slug":"pepe-mujica-salio-al-cruce-de-milei-por-sus-dichos-contra-lula-metio-la-pata-y-jodio-la-relacion-con-brasil","status":"publish","type":"post","link":"https:\/\/corrientesdetarde.com\/index.php\/internacionales\/pepe-mujica-salio-al-cruce-de-milei-por-sus-dichos-contra-lula-metio-la-pata-y-jodio-la-relacion-con-brasil\/","title":{"rendered":"Pepe Mujica sali\u00f3 al cruce de Milei por sus dichos contra Lula: \u201cMeti\u00f3 la pata y jodi\u00f3 la relaci\u00f3n con Brasil\u201d"},"content":{"rendered":"\n<p>Dijo que el pa\u00eds \u201ctiene muchos problemas\u201d, pero espera que el proyecto libertario \u201cd\u00e9 resultado\u201d. \u201cNos conviene una Argentina equilibrada\u201d, asegur\u00f3.<\/p>\n\n\n\n<p>El expresidente de Uruguay,\u00a0<strong>Jos\u00e9 Pepe Mujica,<\/strong>\u00a0dijo que\u00a0<strong>Javier Milei<\/strong>\u00a0\u201cmeti\u00f3 la pata de entrada\u201d con su par brasile\u00f1o, Luiz Inacio Lula da Silva, y afirm\u00f3 que con sus descalificaciones \u201cha jodido\u201d la relaci\u00f3n con Brasil.<\/p>\n\n\n\n<p>\u201cYo siento mucho que Milei, que se ve que es muy impulsivo y muy atropellado, meti\u00f3 la pata de entrada porque lo relaj\u00f3 a Lula. Tiene todo el derecho a pensar lo que quiera, pero un hombre al frente de un pa\u00eds no puede decir eso de un pa\u00eds vecino. Se ha jodido la relaci\u00f3n\u201d, sostuvo durante una entrevista con&nbsp;<em>EFE<\/em>.<\/p>\n\n\n\n<p>Mujica dijo que la Argentina \u201ctiene muchos problemas\u201d que espera que los pueda superar y enfatiz\u00f3 que a Uruguay \u201cle conviene que ande bien\u201d.<\/p>\n\n\n\n<p>\u201cLa clase media argentina que viene a veranear ac\u00e1 (al Uruguay) si puede deja una torta de guita, de trabajo y todo lo dem\u00e1s. Eso es un valor. Nos conviene una Argentina equilibrada. Ojal\u00e1 que este proyecto que tiene Milei le d\u00e9 resultado y que se encause la Argentina\u201d, sostuvo.<\/p>\n\n\n\n<h2 class=\"wp-block-heading\">Qu\u00e9 dijo Pepe Mujica sobre las relaciones entre Javier Milei y Lula<\/h2>\n\n\n\n<p>El exmandatario uruguayo habl\u00f3 sobre las tensiones en la regi\u00f3n y se refiri\u00f3 a las diferencias que enfrentan a Milei con Lula.<\/p>\n\n\n\n<p>En campa\u00f1a, el entonces candidato libertario acus\u00f3 a Lula de \u201ccorrupto\u201d y lo tild\u00f3 en forma despectiva de \u201ccomunista\u201d. Sin embargo, antes de asumir su cargo, envi\u00f3 a la entonces canciller designada,<strong>&nbsp;Diana Mondino<\/strong>, a invitar personalmente al presidente brasile\u00f1o a la ceremonia de jura. La respuesta fue negativa.<\/p>\n\n\n\n<figure class=\"wp-block-image\"><img decoding=\"async\" src=\"https:\/\/tn.com.ar\/resizer\/JqcyneOwgXWH7BC4h_TN7Z4JGr4=\/767x0\/smart\/filters:format(webp)\/cloudfront-us-east-1.images.arcpublishing.com\/artear\/6E2W6UXAXWLEGHKJK5Z7QBKLAM.jpg\" alt=\"Luiz Inacio Lula da Silva y Jose Mujica (Foto de archivo: Reuters)\"\/><\/figure>\n\n\n\n<p>La semana pasada, Mondino volvi\u00f3 a viajar a Brasil, esta vez como canciller, y le entreg\u00f3 a su par brasile\u00f1o, Mauro Viera, una carta personal de Milei para Lula. El martes pasado, Lula afirm\u00f3 que a\u00fan no ley\u00f3 la carta\u00a0, en un claro desaire al presidente argentino.<\/p>\n\n\n\n<p>Mujica dijo que las tensiones debilitan a la regi\u00f3n frente al mundo y remarc\u00f3 la importancia del trabajo conjunto de ambos pa\u00edses.<\/p>\n\n\n\n<p>\u201cUna cosa es un planteo que hagan Brasil y Argentina juntos y otra cosa es que lo hagan por separado. Eso no quiere decir que tengamos que andar a los besitos o estemos de acuerdo al 100%. Significa que hay que tener una postura diplom\u00e1tica que le convenga a la regi\u00f3n\u201d, afirm\u00f3.<\/p>\n\n\n\n<p>Adem\u00e1s, asegur\u00f3 que Brasil est\u00e1 \u201cen otra categor\u00eda\u201d y dijo que no tiene dudas de que ser\u00e1 una potencia. \u201cEs el primer productor mundial de carne y de soja. Brasil juega en la cancha grande, mueve la rueda del mundo\u201d, indic\u00f3.<\/p>\n","protected":false},"excerpt":{"rendered":"<p>Dijo que el pa\u00eds \u201ctiene muchos problemas\u201d, pero espera que el proyecto libertario \u201cd\u00e9 resultado\u201d. \u201cNos conviene una Argentina equilibrada\u201d, asegur\u00f3. El expresidente de Uruguay,\u00a0Jos\u00e9 Pepe Mujica,\u00a0dijo que\u00a0Javier Milei\u00a0\u201cmeti\u00f3 la&hellip; <\/p>\n","protected":false},"author":8,"featured_media":143038,"comment_status":"closed","ping_status":"open","sticky":false,"template":"","format":"standard","meta":{"footnotes":""},"categories":[11],"tags":[],"class_list":["post-143037","post","type-post","status-publish","format-standard","has-post-thumbnail","hentry","category-internacionales"],"_links":{"self":[{"href":"https:\/\/corrientesdetarde.com\/index.php\/wp-json\/wp\/v2\/posts\/143037","targetHints":{"allow":["GET"]}}],"collection":[{"href":"https:\/\/corrientesdetarde.com\/index.php\/wp-json\/wp\/v2\/posts"}],"about":[{"href":"https:\/\/corrientesdetarde.com\/index.php\/wp-json\/wp\/v2\/types\/post"}],"author":[{"embeddable":true,"href":"https:\/\/corrientesdetarde.com\/index.php\/wp-json\/wp\/v2\/users\/8"}],"replies":[{"embeddable":true,"href":"https:\/\/corrientesdetarde.com\/index.php\/wp-json\/wp\/v2\/comments?post=143037"}],"version-history":[{"count":1,"href":"https:\/\/corrientesdetarde.com\/index.php\/wp-json\/wp\/v2\/posts\/143037\/revisions"}],"predecessor-version":[{"id":143039,"href":"https:\/\/corrientesdetarde.com\/index.php\/wp-json\/wp\/v2\/posts\/143037\/revisions\/143039"}],"wp:featuredmedia":[{"embeddable":true,"href":"https:\/\/corrientesdetarde.com\/index.php\/wp-json\/wp\/v2\/media\/143038"}],"wp:attachment":[{"href":"https:\/\/corrientesdetarde.com\/index.php\/wp-json\/wp\/v2\/media?parent=143037"}],"wp:term":[{"taxonomy":"category","embeddable":true,"href":"https:\/\/corrientesdetarde.com\/index.php\/wp-json\/wp\/v2\/categories?post=143037"},{"taxonomy":"post_tag","embeddable":true,"href":"https:\/\/corrientesdetarde.com\/index.php\/wp-json\/wp\/v2\/tags?post=143037"}],"curies":[{"name":"wp","href":"https:\/\/api.w.org\/{rel}","templated":true}]}}