{"id":143046,"date":"2024-04-25T15:46:30","date_gmt":"2024-04-25T18:46:30","guid":{"rendered":"https:\/\/corrientesdetarde.com\/?p=143046"},"modified":"2024-04-25T15:46:42","modified_gmt":"2024-04-25T18:46:42","slug":"el-colo-barco-sera-titular-en-el-brighton-ante-el-manchester-city-por-la-premier-league-hora-y-como-ver","status":"publish","type":"post","link":"https:\/\/corrientesdetarde.com\/index.php\/deportes\/el-colo-barco-sera-titular-en-el-brighton-ante-el-manchester-city-por-la-premier-league-hora-y-como-ver\/","title":{"rendered":"El Colo Barco ser\u00e1 titular en el Brighton ante el Manchester City por la Premier League: hora y c\u00f3mo ver"},"content":{"rendered":"\n<p>El equipo del ex-Boca tendr\u00e1 una dura prueba como local ante los Citizens de Pep Guardiola.<\/p>\n\n\n\n<p>El\u00a0Brighton &amp; Hove Albion\u00a0de\u00a0Valent\u00edn el \u201cColo\u201d Barco\u00a0recibe al\u00a0Manchester\u00a0City\u00a0de\u00a0Juli\u00e1n\u00a0\u00c1lvarezen el\u00a0Falmer Stadium\u00a0por la fecha postergada de la\u00a0Premier League 2023-2024. El encuentro comenzar\u00e1 a las\u00a016 horas de Argentina de este jueves 25 de abril\u00a0y se podr\u00e1 ver en vivo a trav\u00e9s de\u00a0ESPN\u00a0y\u00a0Star+. El ex-Boca tendr\u00e1 su debut oficial como titular en la liga de Inglaterra.<\/p>\n\n\n\n<p>El DT&nbsp;<strong>Roberto De Zerbi<\/strong>&nbsp;decidi\u00f3 que el argentino comience el encuentro como lateral por la izquierda. En total hasta el momento el Colo solo&nbsp;<strong>jug\u00f3 11 minutos<\/strong>&nbsp;en dos encuentros disputados y, en principio, su panorama no resultaba alentador en la inmediatez. Sin embargo, el entrenador decidi\u00f3 incluirlo en el once inicial.<\/p>\n\n\n\n<figure class=\"wp-block-image\"><img decoding=\"async\" src=\"https:\/\/tn.com.ar\/resizer\/mbDkbFnLRt51Wq1p5a-PxhCp7C4=\/767x0\/smart\/filters:format(webp)\/cloudfront-us-east-1.images.arcpublishing.com\/artear\/GQTVUD2OVVG4LFLQ4L4DHMZJIU.jpeg\" alt=\"El Colo Barco tendr\u00e1 su debut oficial como titular en la Premier League. (Foto: X OfficialBHAFC).\"\/><\/figure>\n\n\n\n<p>Es importante destacar que en los \u00faltimos d\u00edas el Brighton sufri\u00f3 la baja de&nbsp;<strong>Ervis Estupi\u00f1\u00e1n,<\/strong>&nbsp;quien habitualmente ocupa el lateral izquierdo en el conjunto ingl\u00e9s. El ecuatoriano tuvo una&nbsp;<strong>lesi\u00f3n en su tobillo izquierdo<\/strong>&nbsp;por la que tuvo que salir a los&nbsp;<strong>13 minutos<\/strong>&nbsp;del \u00faltimo partido ante el&nbsp;<strong>Burnley<\/strong>. Finalmente, se confirm\u00f3 que por esta afecci\u00f3n no jugar\u00e1 m\u00e1s en lo que resta de esta temporada de la Premier League.<\/p>\n\n\n\n<h2 class=\"wp-block-heading\">Los pr\u00f3ximos partidos del Brighton en la Premier League<\/h2>\n\n\n\n<p>Las Gaviotas tienen seis partidos por delante antes del final de su temporada en la Premier League:<\/p>\n\n\n\n<ul class=\"wp-block-list\">\n<li>Jueves 25 de abril: vs.\u00a0<strong>Manchester City<\/strong>\u00a0como local.<\/li>\n\n\n\n<li>Domingo 28 de abril: vs.\u00a0<strong>Bournemouth<\/strong>\u00a0como visitante.<\/li>\n\n\n\n<li>Domingo 5 de mayo: vs.\u00a0<strong>Aston Villa<\/strong>\u00a0como local.<\/li>\n\n\n\n<li>S\u00e1bado 11 de mayo: vs.\u00a0<strong>Newcastle<\/strong>\u00a0como visitante.<\/li>\n\n\n\n<li>Mi\u00e9rcoles 15 de mayo: vs.\u00a0<strong>Chelsea<\/strong>\u00a0como local.<\/li>\n\n\n\n<li>Domingo 19 de mayo: vs.\u00a0<strong>Manchester United<\/strong>\u00a0como local<\/li>\n<\/ul>\n","protected":false},"excerpt":{"rendered":"<p>El equipo del ex-Boca tendr\u00e1 una dura prueba como local ante los Citizens de Pep Guardiola. El\u00a0Brighton &amp; Hove Albion\u00a0de\u00a0Valent\u00edn el \u201cColo\u201d Barco\u00a0recibe al\u00a0Manchester\u00a0City\u00a0de\u00a0Juli\u00e1n\u00a0\u00c1lvarezen el\u00a0Falmer Stadium\u00a0por la fecha postergada de&hellip; <\/p>\n","protected":false},"author":8,"featured_media":143047,"comment_status":"closed","ping_status":"open","sticky":false,"template":"","format":"standard","meta":{"footnotes":""},"categories":[4],"tags":[],"class_list":["post-143046","post","type-post","status-publish","format-standard","has-post-thumbnail","hentry","category-deportes"],"_links":{"self":[{"href":"https:\/\/corrientesdetarde.com\/index.php\/wp-json\/wp\/v2\/posts\/143046","targetHints":{"allow":["GET"]}}],"collection":[{"href":"https:\/\/corrientesdetarde.com\/index.php\/wp-json\/wp\/v2\/posts"}],"about":[{"href":"https:\/\/corrientesdetarde.com\/index.php\/wp-json\/wp\/v2\/types\/post"}],"author":[{"embeddable":true,"href":"https:\/\/corrientesdetarde.com\/index.php\/wp-json\/wp\/v2\/users\/8"}],"replies":[{"embeddable":true,"href":"https:\/\/corrientesdetarde.com\/index.php\/wp-json\/wp\/v2\/comments?post=143046"}],"version-history":[{"count":1,"href":"https:\/\/corrientesdetarde.com\/index.php\/wp-json\/wp\/v2\/posts\/143046\/revisions"}],"predecessor-version":[{"id":143048,"href":"https:\/\/corrientesdetarde.com\/index.php\/wp-json\/wp\/v2\/posts\/143046\/revisions\/143048"}],"wp:featuredmedia":[{"embeddable":true,"href":"https:\/\/corrientesdetarde.com\/index.php\/wp-json\/wp\/v2\/media\/143047"}],"wp:attachment":[{"href":"https:\/\/corrientesdetarde.com\/index.php\/wp-json\/wp\/v2\/media?parent=143046"}],"wp:term":[{"taxonomy":"category","embeddable":true,"href":"https:\/\/corrientesdetarde.com\/index.php\/wp-json\/wp\/v2\/categories?post=143046"},{"taxonomy":"post_tag","embeddable":true,"href":"https:\/\/corrientesdetarde.com\/index.php\/wp-json\/wp\/v2\/tags?post=143046"}],"curies":[{"name":"wp","href":"https:\/\/api.w.org\/{rel}","templated":true}]}}