{"id":143049,"date":"2024-04-25T15:53:19","date_gmt":"2024-04-25T18:53:19","guid":{"rendered":"https:\/\/corrientesdetarde.com\/?p=143049"},"modified":"2024-04-25T15:53:30","modified_gmt":"2024-04-25T18:53:30","slug":"la-insolita-respuesta-de-manuel-adorni-cuando-le-preguntaron-por-los-perros-de-milei","status":"publish","type":"post","link":"https:\/\/corrientesdetarde.com\/index.php\/sociales\/la-insolita-respuesta-de-manuel-adorni-cuando-le-preguntaron-por-los-perros-de-milei\/","title":{"rendered":"La ins\u00f3lita respuesta de Manuel Adorni cuando le preguntaron por los perros de Milei"},"content":{"rendered":"\n<p>Una vez m\u00e1s el vocero presidencial tuvo que hacer frente a consultas por los animales de Javier Milei, que viven en la Quinta de Olivos. Pidi\u00f3 respeto.<\/p>\n\n\n\n<p>La<strong>&nbsp;&#8220;primera familia&#8221; actual est\u00e1 liderada por el presidente Javier Milei y conformada, en su nucleo, por al menos cuatro perros<\/strong>&nbsp;que el mandatario clon\u00f3 en base a la informaci\u00f3n gen\u00e9tica de su amado mast\u00edn brit\u00e1nico, Conan, ya fallecido. La composici\u00f3n no deja de atraer preguntas sobre los animales, y este jueves el vocero presidencial, Manuel Adorni,<strong>&nbsp;rechaz\u00f3 de plano la en\u00e9sima consulta sobre el tema diciendo que &#8220;es una falta de respeto&#8221; a la investidura<\/strong>.<\/p>\n\n\n\n<p>&#8220;Si el Presidente tiene cuatro perros y ve cinco, estamos hablando de una persona que ve algo que no se condice con la realidad&#8221;, intervino uno de los periodistas acreditados en Casa Rosada a lo que Manuel Adorni contest\u00f3: &#8220;La verdad es que lo que suger\u00eds me parece de un nivel de, c\u00f3mo dec\u00edrtelo, me parece una falta de respeto<strong>&nbsp;definir al Presidente como una persona que habla con cosas que no existen<\/strong>&#8220;.<\/p>\n\n\n\n<figure class=\"wp-block-image\"><img decoding=\"async\" src=\"https:\/\/media.minutouno.com\/p\/af7b56b48b9fa1d90bd86e962b465eca\/adjuntos\/150\/imagenes\/040\/925\/0040925798\/610x0\/smart\/milei-perrosjpg.jpg\" alt=\"\" title=\"\"\/><\/figure>\n\n\n\n<p>&#8220;<strong>Me parece una cuesti\u00f3n absolutamente irrespetuosa, es meterse con su familia<\/strong>&#8220;, sigui\u00f3 Adorni. &#8220;<strong>Me parece que tenemos que dejar de hablar de ciertas cuestiones que&#8230; ya lo dije el otro d\u00eda&#8230; pero me parece absolutamente desubicado. Sugerir lo que sugeriste me parece desubicado<\/strong>&#8220;, espet\u00f3 en referencia a la anterior consulta sobre la cantidad de animales en la Quinta de Olivos.<\/p>\n\n\n\n<p>Si el Presidente tiene 4 perros y ve 5, esta viendo algo que no se condice con la realidad. Por eso nos interesa el n\u00famero de loa perros.<br>Volvi\u00f3&nbsp;<a href=\"https:\/\/twitter.com\/JonHeguier?ref_src=twsrc%5Etfw\">@JonHeguier<\/a>&nbsp;a preguntar por los canes y volvi\u00f3&nbsp;<a href=\"https:\/\/twitter.com\/madorni?ref_src=twsrc%5Etfw\">@madorni<\/a>&nbsp;a no responder.&nbsp;<a href=\"https:\/\/t.co\/rzxCDXfCuF\">pic.twitter.com\/rzxCDXfCuF<\/a>\u2014 Fabian Waldman \u2b50\ufe0f\u2b50\ufe0f\u2b50\ufe0f (@FabianWaldman)&nbsp;<a href=\"https:\/\/twitter.com\/FabianWaldman\/status\/1783512621116739827?ref_src=twsrc%5Etfw\">April 25, 2024<\/a><\/p>\n\n\n\n<p>En la actualidad, teniendo en cuenta lo que se vio durante la campa\u00f1a electoral de 2023, Milei convive en Olivos con sus mastines Murray, Milton, Robert y Lucas, que tienen nombres alineados con economistas afines al Presidente. Todos son hijos, o clones, de su querido, recordado y bien ponderado Conan, quien el mandatario tiene siempre presente.<\/p>\n\n\n\n<p>De hecho, la efigie de los perros aparece en el bast\u00f3n presidencial utilizado para su ceremonia de asunci\u00f3n, el 10 de diciembre de 2023, y ah\u00ed constan todos los nombres: Conan (el original, o un &#8220;junior&#8221;) Milton, Murray, y Robert y Lucas, que tranquilamente pueden ser el mismo ejemplar con el nombre completo del economista estadounidense homenajeado.<\/p>\n","protected":false},"excerpt":{"rendered":"<p>Una vez m\u00e1s el vocero presidencial tuvo que hacer frente a consultas por los animales de Javier Milei, que viven en la Quinta de Olivos. Pidi\u00f3 respeto. La&nbsp;&#8220;primera familia&#8221; actual&hellip; <\/p>\n","protected":false},"author":8,"featured_media":143050,"comment_status":"closed","ping_status":"open","sticky":false,"template":"","format":"standard","meta":{"footnotes":""},"categories":[17],"tags":[],"class_list":["post-143049","post","type-post","status-publish","format-standard","has-post-thumbnail","hentry","category-sociales"],"_links":{"self":[{"href":"https:\/\/corrientesdetarde.com\/index.php\/wp-json\/wp\/v2\/posts\/143049","targetHints":{"allow":["GET"]}}],"collection":[{"href":"https:\/\/corrientesdetarde.com\/index.php\/wp-json\/wp\/v2\/posts"}],"about":[{"href":"https:\/\/corrientesdetarde.com\/index.php\/wp-json\/wp\/v2\/types\/post"}],"author":[{"embeddable":true,"href":"https:\/\/corrientesdetarde.com\/index.php\/wp-json\/wp\/v2\/users\/8"}],"replies":[{"embeddable":true,"href":"https:\/\/corrientesdetarde.com\/index.php\/wp-json\/wp\/v2\/comments?post=143049"}],"version-history":[{"count":1,"href":"https:\/\/corrientesdetarde.com\/index.php\/wp-json\/wp\/v2\/posts\/143049\/revisions"}],"predecessor-version":[{"id":143051,"href":"https:\/\/corrientesdetarde.com\/index.php\/wp-json\/wp\/v2\/posts\/143049\/revisions\/143051"}],"wp:featuredmedia":[{"embeddable":true,"href":"https:\/\/corrientesdetarde.com\/index.php\/wp-json\/wp\/v2\/media\/143050"}],"wp:attachment":[{"href":"https:\/\/corrientesdetarde.com\/index.php\/wp-json\/wp\/v2\/media?parent=143049"}],"wp:term":[{"taxonomy":"category","embeddable":true,"href":"https:\/\/corrientesdetarde.com\/index.php\/wp-json\/wp\/v2\/categories?post=143049"},{"taxonomy":"post_tag","embeddable":true,"href":"https:\/\/corrientesdetarde.com\/index.php\/wp-json\/wp\/v2\/tags?post=143049"}],"curies":[{"name":"wp","href":"https:\/\/api.w.org\/{rel}","templated":true}]}}