{"id":143059,"date":"2024-04-25T16:25:45","date_gmt":"2024-04-25T19:25:45","guid":{"rendered":"https:\/\/corrientesdetarde.com\/?p=143059"},"modified":"2024-04-25T16:25:57","modified_gmt":"2024-04-25T19:25:57","slug":"javier-milei-apunto-contra-andrea-del-boca-por-la-produccion-de-ficciones-financiadas-por-el-estado","status":"publish","type":"post","link":"https:\/\/corrientesdetarde.com\/index.php\/espectaculos\/javier-milei-apunto-contra-andrea-del-boca-por-la-produccion-de-ficciones-financiadas-por-el-estado\/","title":{"rendered":"Javier Milei apunt\u00f3 contra Andrea del Boca por la producci\u00f3n de ficciones financiadas por el Estado"},"content":{"rendered":"\n<p>En di\u00e1logo con  Show, el abogado de la actriz, Juan Pablo Fioribello, se\u00f1al\u00f3 que de acuerdo a la pericia de la Corte Suprema de Justicia de la Naci\u00f3n no se detect\u00f3 ning\u00fan tipo de anomal\u00eda o irregularidad en las grabaciones de \u201cMam\u00e1 coraz\u00f3n\u201d.<\/p>\n\n\n\n<p>Javier Milei\u00a0apunt\u00f3 contra\u00a0Andrea del Boca\u00a0por la producci\u00f3n de ficciones financiadas por el Estado que nunca salieron al aire. En di\u00e1logo con\u00a0Show,\u00a0Juan Pablo Fioribello, el abogado de la actriz, sali\u00f3 al cruce del presidente de la Naci\u00f3n y remarc\u00f3 que, de acuerdo a los resultados de la pericia de la Corte Suprema de Justicia de la Naci\u00f3n, \u201cno han tenido evidencias que las erogaciones respaldadas con dicha documental hayan tenido otro destino que no sea la producci\u00f3n de la novela\u201d.<\/p>\n\n\n\n<p>\u201cLa verdad es que es muy preocupante que el presidente de la naci\u00f3n teniendo la investidura que tiene se ponga a opinar sobre&nbsp;<strong>causas judiciales que est\u00e1n en pleno tr\u00e1mite y adem\u00e1s con informaci\u00f3n inexacta<\/strong>\u201d, comenz\u00f3 diciendo el letrado.<\/p>\n\n\n\n<figure class=\"wp-block-image\"><img decoding=\"async\" src=\"https:\/\/tn.com.ar\/resizer\/LuJ1kW4ci6-9rdTy2jmxch5hU5k=\/767x0\/smart\/filters:format(webp)\/cloudfront-us-east-1.images.arcpublishing.com\/artear\/UXOTCAKJVRA7PDH5OZ4RZO7DAU.jpg\" alt=\"Javier Milei apunt\u00f3 contra Andrea del Boca. (Foto: Captura X)\"\/><\/figure>\n\n\n\n<p>Acto seguido, reflexion\u00f3: \u201cLamentablemente, la grieta profunda que atraviesa nuestra sociedad en materia pol\u00edtica afecta a todos los sectores. Alguien opina una cosa y es catalogado como M, K, J, F o lo que fuera. Y&nbsp;<strong>muchas veces se trata de instalar en algunos medios versiones sobre situaciones que en la causa judicial no existen<\/strong>. Y en el de Andrea fue as\u00ed\u201d.<\/p>\n\n\n\n<p>\u201cLo que pasa es que en el medio de la grieta, la visi\u00f3n que tenemos los profesionales del derecho es que&nbsp;<strong>se mancha el honor y el nombre de personas<\/strong>&nbsp;que en la vida han tenido causas judiciales\u201d, sostuvo en referencia a la actriz que trabaja desde que tiene tres a\u00f1os en medios.<\/p>\n\n\n\n<figure class=\"wp-block-image\"><img decoding=\"async\" src=\"https:\/\/tn.com.ar\/resizer\/VXpzzFua79Z3ck6-C97UEWk_SGQ=\/767x0\/smart\/filters:format(webp)\/cloudfront-us-east-1.images.arcpublishing.com\/artear\/IFHJBXNQ6ZGY3LHAF75C5BYTHM.JPG\" alt=\"Los resultados de la pericia de la Corte Suprema de Justicia. (Foto: gentileza \/Juan Pablo Fioribello)\"\/><\/figure>\n\n\n\n<p>Para aclarar los tantos, Fioribello destac\u00f3: \u201cHoy por suerte ha salido a la luz una pericia. Nada m\u00e1s y nada menos que la Corte Suprema de Justicia de la Naci\u00f3n ha examinado para ver si hab\u00eda un posible desv\u00edo de fondos, como se investiga en la causa de Andrea del Boca, y el resultado es m\u00e1s claro y contundente todav\u00eda\u201d.<\/p>\n\n\n\n<p>\u201cDice que analizaron toda la documentaci\u00f3n a ver si de las cuentas existentes hab\u00eda alg\u00fan tipo de desv\u00edo de fondos en perjuicio de alguien, en este caso del Estado, y&nbsp;<strong>los peritos no detectaron ning\u00fan tipo de anomal\u00eda o irregularidad<\/strong>\u201d, concluy\u00f3.<\/p>\n\n\n\n<h2 class=\"wp-block-heading\">Los detalles de la causa en la que se investiga a Andrea del Boca<\/h2>\n\n\n\n<p><strong>Andrea del Boca&nbsp;<\/strong>est\u00e1 siendo investigada&nbsp;<strong>por la presunta defraudaci\u00f3n al estado de $36 millones<\/strong>&nbsp;que le fueron otorgados para la producci\u00f3n de la novela&nbsp;<em><strong>Mam\u00e1 Coraz\u00f3n<\/strong><\/em>. De acuerdo a los resultados de la pericia de la Corte Suprema de Justicia de la Naci\u00f3n, \u201cno han tenido evidencias que las erogaciones respaldadas con dicha documental hayan tenido otro destino que no sea la producci\u00f3n de la novela \u2018Mam\u00e1 Coraz\u00f3n\u2019\u201d.<\/p>\n\n\n\n<p>En primer lugar, Fioribello se\u00f1al\u00f3: \u201cDe todas las personas que est\u00e1n en la causa, ella fue la \u00fanica que entreg\u00f3 por escrito que&nbsp;<strong>no se opon\u00eda a ning\u00fan tipo de medida para que comience lo m\u00e1s r\u00e1pido el juicio<\/strong>. Ella es la m\u00e1s interesada en que comience r\u00e1pido para que su inocencia salga a la luz\u201d.<\/p>\n\n\n\n<figure class=\"wp-block-image\"><img decoding=\"async\" src=\"https:\/\/tn.com.ar\/resizer\/XEP3peVyCoT3Ck1IaF85t_Wg9B0=\/767x0\/smart\/filters:format(webp)\/cloudfront-us-east-1.images.arcpublishing.com\/artear\/LNUT7DU34VCWXLXCQCFUDEO5NQ.jpeg\" alt=\"Juan Pablo Fioribello, abogado de Andrea del Boca (Foto: Gentileza \/Juan Pablo Fioribello)\"\/><\/figure>\n\n\n\n<p>En segundo lugar,<strong>&nbsp;advirti\u00f3 que hay infinidad de pruebas que avalan la inocencia de Andrea del Boca<\/strong>. \u201cMuchas no han salido a la luz, otra es la pericia esta que es fundamental y la cantidad de testigos que desfilaron por la causa\u201d, apunt\u00f3, remarcando que una cosa es la versi\u00f3n que se quiere instalar en los medios y otra lo que pasa en la Justicia.<\/p>\n\n\n\n<h2 class=\"wp-block-heading\">La pol\u00e9mica de por qu\u00e9 nunca se emiti\u00f3 la novela de Andrea del Boca<\/h2>\n\n\n\n<p>Hubo dos cuestiones que generaron mucha pol\u00e9mica en torno a esta causa: por un lado, que est\u00e9 involucrada la Universidad de San Mart\u00edn, y por otro, que la novela&nbsp;<em>Mam\u00e1 coraz\u00f3n<\/em>&nbsp;nunca saliera al aire.<\/p>\n\n\n\n<p>Consultado sobre estas dos cuestiones, Fioribello dijo: \u201c<strong>Claro que me llam\u00f3 la atenci\u00f3n que apareciera una Universidad en le medio<\/strong>. En ese momento el Ministerio de Planificaci\u00f3n Federal contrataba a un mont\u00f3n de productoras para generar contenido para el banco de contenido audiovisual. No solo de Andrea, sino que hubo un mont\u00f3n de productoras de gente muy conocida y de la que no se habla. Y no es que se sacaba los fondos de la Universidad. Al contrario, Planificaci\u00f3n le daba los fondos para que los administre la Universidad de San Mart\u00edn\u201d. \u201cSi eventualmente eso constituye un delito es para los funcionarios que intervienen, no para la persona que es contratada\u201d, aclar\u00f3.<\/p>\n\n\n\n<p>En cuanto a por qu\u00e9 no sali\u00f3 al aire Mam\u00e1 coraz\u00f3n, remarc\u00f3: \u201c<strong>Del Boca fue contratada para dar el contenido, no ten\u00eda que exhibir la novela<\/strong>. Ella ten\u00eda que entregar el contenido y as\u00ed lo hizo\u201d.<\/p>\n","protected":false},"excerpt":{"rendered":"<p>En di\u00e1logo con Show, el abogado de la actriz, Juan Pablo Fioribello, se\u00f1al\u00f3 que de acuerdo a la pericia de la Corte Suprema de Justicia de la Naci\u00f3n no se&hellip; <\/p>\n","protected":false},"author":8,"featured_media":143060,"comment_status":"closed","ping_status":"open","sticky":false,"template":"","format":"standard","meta":{"footnotes":""},"categories":[19],"tags":[],"class_list":["post-143059","post","type-post","status-publish","format-standard","has-post-thumbnail","hentry","category-espectaculos"],"_links":{"self":[{"href":"https:\/\/corrientesdetarde.com\/index.php\/wp-json\/wp\/v2\/posts\/143059","targetHints":{"allow":["GET"]}}],"collection":[{"href":"https:\/\/corrientesdetarde.com\/index.php\/wp-json\/wp\/v2\/posts"}],"about":[{"href":"https:\/\/corrientesdetarde.com\/index.php\/wp-json\/wp\/v2\/types\/post"}],"author":[{"embeddable":true,"href":"https:\/\/corrientesdetarde.com\/index.php\/wp-json\/wp\/v2\/users\/8"}],"replies":[{"embeddable":true,"href":"https:\/\/corrientesdetarde.com\/index.php\/wp-json\/wp\/v2\/comments?post=143059"}],"version-history":[{"count":1,"href":"https:\/\/corrientesdetarde.com\/index.php\/wp-json\/wp\/v2\/posts\/143059\/revisions"}],"predecessor-version":[{"id":143061,"href":"https:\/\/corrientesdetarde.com\/index.php\/wp-json\/wp\/v2\/posts\/143059\/revisions\/143061"}],"wp:featuredmedia":[{"embeddable":true,"href":"https:\/\/corrientesdetarde.com\/index.php\/wp-json\/wp\/v2\/media\/143060"}],"wp:attachment":[{"href":"https:\/\/corrientesdetarde.com\/index.php\/wp-json\/wp\/v2\/media?parent=143059"}],"wp:term":[{"taxonomy":"category","embeddable":true,"href":"https:\/\/corrientesdetarde.com\/index.php\/wp-json\/wp\/v2\/categories?post=143059"},{"taxonomy":"post_tag","embeddable":true,"href":"https:\/\/corrientesdetarde.com\/index.php\/wp-json\/wp\/v2\/tags?post=143059"}],"curies":[{"name":"wp","href":"https:\/\/api.w.org\/{rel}","templated":true}]}}