{"id":143065,"date":"2024-04-25T16:31:32","date_gmt":"2024-04-25T19:31:32","guid":{"rendered":"https:\/\/corrientesdetarde.com\/?p=143065"},"modified":"2024-04-25T16:31:43","modified_gmt":"2024-04-25T19:31:43","slug":"enzo-fernandez-decidio-operarse-antes-de-la-copa-america-cuanto-tiempo-tendra-de-recuperacion","status":"publish","type":"post","link":"https:\/\/corrientesdetarde.com\/index.php\/deportes\/enzo-fernandez-decidio-operarse-antes-de-la-copa-america-cuanto-tiempo-tendra-de-recuperacion\/","title":{"rendered":"Enzo Fern\u00e1ndez decidi\u00f3 operarse antes de la Copa Am\u00e9rica: cu\u00e1nto tiempo tendr\u00e1 de recuperaci\u00f3n"},"content":{"rendered":"\n<p>El mediocampista del Chelsea se someter\u00e1 a una intervenci\u00f3n por una hernia inguinal. La Selecci\u00f3n argentina defender\u00e1 el t\u00edtulo continental desde el 20 de junio.<\/p>\n\n\n\n<p>Tal como anticip\u00f3\u00a0,\u00a0Enzo Fern\u00e1ndez, se someti\u00f3 este jueves a una\u00a0cirug\u00eda de hernia inguinal.\u00a0Si todo se da de la mejor manera, el mediocampista de la\u00a0Selecci\u00f3n argentina\u00a0y del\u00a0Chelsea\u00a0llegar\u00eda bien a la\u00a0Copa Am\u00e9rica\u00a0de este a\u00f1o, que\u00a0se disputar\u00e1 en los Estados Unidos del 20 de junio al 14 de julio.<\/p>\n\n\n\n<p>El campe\u00f3n del mundo arrastra una<strong>&nbsp;inc\u00f3moda e intensa molestia&nbsp;<\/strong>en esa zona, por lo que en m\u00e1s de una oportunidad tuvo que aplicarse inyecciones para calmar el dolor. Ahora, para evitar que se agrave el cuadro y jugar con m\u00e1s comodidad,<strong>&nbsp;decidi\u00f3 operarse.<\/strong><\/p>\n\n\n\n<h2 class=\"wp-block-heading\">Cu\u00e1nto tiempo de recuperaci\u00f3n tendr\u00e1 Enzo Fern\u00e1ndez<\/h2>\n\n\n\n<p>La recuperaci\u00f3n<strong>\u00a0le llevar\u00e1 entre tres y cuatro semanas<\/strong>, por lo que<strong>\u00a0llegar\u00eda en condiciones<\/strong>\u00a0para jugar la Copa Am\u00e9rica, inform\u00f3 el periodista de\u00a0\u00a0<strong>Leo Paradizo<\/strong>, que cubre el d\u00eda a d\u00eda de la Selecci\u00f3n argentina.<\/p>\n\n\n\n<figure class=\"wp-block-image\"><img decoding=\"async\" src=\"https:\/\/tn.com.ar\/resizer\/XxeSUh7TawqYmOoc-1syvVI0SFQ=\/767x0\/smart\/filters:format(webp)\/cloudfront-us-east-1.images.arcpublishing.com\/artear\/LJJT7L53A5GF7H5VVQS5HOBVSE.jpg\" alt=\"La recuperaci\u00f3n de Enzo Fern\u00e1ndez llevar\u00e1 entre tres y cuatro semanas, por lo que llegar\u00eda en condiciones para jugar la Copa Am\u00e9rica (Foto: Reuters)\"\/><\/figure>\n\n\n\n<p>\u201cNo habr\u00eda riesgos de que se pierda la Copa Am\u00e9rica\u201d, confirm\u00f3. Con el torneo continental en mente, la idea despu\u00e9s de la cirug\u00eda es que Fern\u00e1ndez&nbsp;<strong>trabaje en un \u201ctriple turno\u201d&nbsp;<\/strong>para optimizar no solo su condici\u00f3n f\u00edsica (de la cual se espera que est\u00e9 en \u00f3ptimas condiciones), sino tambi\u00e9n su ritmo futbol\u00edstico.<\/p>\n\n\n\n<h2 class=\"wp-block-heading\">El mensaje de la esposa de Enzo Fern\u00e1ndez tras la operaci\u00f3n del futbolista<\/h2>\n\n\n\n<p>Valentina Cervantes, esposa de Enzo Fern\u00e1ndez y mam\u00e1 de sus dos hijos, Olivia y Benjam\u00edn, comparti\u00f3 en su cuenta de Instagram una imagen junto al futbolista de la Selecci\u00f3n argentina luego de la operaci\u00f3n.<\/p>\n\n\n\n<p>\u201cVamos amor\u201d, escribi\u00f3 la joven junto una foto de ambos desde lo que parece ser la cl\u00ednica donde el mediocampista fue intervenido quir\u00fargicamente.<\/p>\n\n\n\n<figure class=\"wp-block-image\"><img decoding=\"async\" src=\"https:\/\/tn.com.ar\/resizer\/rhGPXtImrqzUSISSlK7f-kRYZO8=\/767x0\/smart\/filters:format(webp)\/cloudfront-us-east-1.images.arcpublishing.com\/artear\/6GU6TGQMKJBX7GOXKMJHSLTL4U.jpeg\" alt=\"Valentina Cervantes comparti\u00f3 una imagen junto a Enzo Fern\u00e1ndez tras su operaci\u00f3n. (Foto: IG valucervantes).\"\/><\/figure>\n","protected":false},"excerpt":{"rendered":"<p>El mediocampista del Chelsea se someter\u00e1 a una intervenci\u00f3n por una hernia inguinal. La Selecci\u00f3n argentina defender\u00e1 el t\u00edtulo continental desde el 20 de junio. Tal como anticip\u00f3\u00a0,\u00a0Enzo Fern\u00e1ndez, se&hellip; <\/p>\n","protected":false},"author":8,"featured_media":143066,"comment_status":"closed","ping_status":"open","sticky":false,"template":"","format":"standard","meta":{"footnotes":""},"categories":[4],"tags":[],"class_list":["post-143065","post","type-post","status-publish","format-standard","has-post-thumbnail","hentry","category-deportes"],"_links":{"self":[{"href":"https:\/\/corrientesdetarde.com\/index.php\/wp-json\/wp\/v2\/posts\/143065","targetHints":{"allow":["GET"]}}],"collection":[{"href":"https:\/\/corrientesdetarde.com\/index.php\/wp-json\/wp\/v2\/posts"}],"about":[{"href":"https:\/\/corrientesdetarde.com\/index.php\/wp-json\/wp\/v2\/types\/post"}],"author":[{"embeddable":true,"href":"https:\/\/corrientesdetarde.com\/index.php\/wp-json\/wp\/v2\/users\/8"}],"replies":[{"embeddable":true,"href":"https:\/\/corrientesdetarde.com\/index.php\/wp-json\/wp\/v2\/comments?post=143065"}],"version-history":[{"count":1,"href":"https:\/\/corrientesdetarde.com\/index.php\/wp-json\/wp\/v2\/posts\/143065\/revisions"}],"predecessor-version":[{"id":143067,"href":"https:\/\/corrientesdetarde.com\/index.php\/wp-json\/wp\/v2\/posts\/143065\/revisions\/143067"}],"wp:featuredmedia":[{"embeddable":true,"href":"https:\/\/corrientesdetarde.com\/index.php\/wp-json\/wp\/v2\/media\/143066"}],"wp:attachment":[{"href":"https:\/\/corrientesdetarde.com\/index.php\/wp-json\/wp\/v2\/media?parent=143065"}],"wp:term":[{"taxonomy":"category","embeddable":true,"href":"https:\/\/corrientesdetarde.com\/index.php\/wp-json\/wp\/v2\/categories?post=143065"},{"taxonomy":"post_tag","embeddable":true,"href":"https:\/\/corrientesdetarde.com\/index.php\/wp-json\/wp\/v2\/tags?post=143065"}],"curies":[{"name":"wp","href":"https:\/\/api.w.org\/{rel}","templated":true}]}}