{"id":143068,"date":"2024-04-25T16:37:45","date_gmt":"2024-04-25T19:37:45","guid":{"rendered":"https:\/\/corrientesdetarde.com\/?p=143068"},"modified":"2024-04-25T16:37:48","modified_gmt":"2024-04-25T19:37:48","slug":"maxima-tension-en-las-universidades-de-eeuu-detuvieron-a-cientos-de-estudiantes-en-protestas-propalestinas","status":"publish","type":"post","link":"https:\/\/corrientesdetarde.com\/index.php\/internacionales\/maxima-tension-en-las-universidades-de-eeuu-detuvieron-a-cientos-de-estudiantes-en-protestas-propalestinas\/","title":{"rendered":"M\u00e1xima tensi\u00f3n en las universidades de EEUU: detuvieron a cientos de estudiantes en protestas propalestinas"},"content":{"rendered":"\n<p>Hubo enfrentamientos con las fuerzas de seguridad. Crece el temor a una ola de violencia mayor. Estudiantes jud\u00edos denuncian agresiones.<\/p>\n\n\n\n<p>En medio de un creciente clima de tensi\u00f3n y enfrentamientos,&nbsp;<strong>cientos de manifestantes fueron detenidos<\/strong>&nbsp;en las \u00faltimas horas en una ola de protestas propalestinas en numerosas universidades de Estados Unidos.<\/p>\n\n\n\n<p>El movimiento estudiantil estadounidense propalestino crece cada d\u00eda en el pa\u00eds. La prensa local inform\u00f3 sobre enfrentamientos entre alumnos y fuerzas de seguridad, llamadas de emergencia por autoridades universitarias, como las de Princeton y Harvard.<\/p>\n\n\n\n<p>Adem\u00e1s, grupos de estudiantes armaron tiendas de campa\u00f1a en sus campus para denunciar el apoyo militar estadounidense a Israel y la situaci\u00f3n humanitaria en la Franja de Gaza. Las autoridades temen un mayor estallido de violencia, similar a los que enfrentaron las universidades estadounidenses en la d\u00e9cada del 70 en protestas contra la guerra de Vietnam.<\/p>\n\n\n\n<h2 class=\"wp-block-heading\">Caos y detenidos en Boston<\/h2>\n\n\n\n<p>El mi\u00e9rcoles por la tarde, m\u00e1s de un centenar de manifestantes fueron detenidos cerca del Emerson College, en Boston. En Austin, agentes a caballo arrestaron a decenas estudiantes de la Universidad de Texas.<\/p>\n\n\n\n<p>Tambi\u00e9n hubo incidentes, en el campus de la Universidad del Sur de California, en Los \u00c1ngeles, donde la polic\u00eda arrest\u00f3 a 93 personas por invasi\u00f3n de propiedad privada.<\/p>\n\n\n\n<figure class=\"wp-block-image\"><img decoding=\"async\" src=\"https:\/\/tn.com.ar\/resizer\/Og70weqWD9at9vW2hJkHI1RxYPk=\/767x0\/smart\/filters:format(webp)\/cloudfront-us-east-1.images.arcpublishing.com\/artear\/EVKKAR4DSFH2NFIPMTRSLSNLG4.jfif\" alt=\"Una estudiante es detenida por la polic\u00eda en el campus de la Universidad de Texas (Foto: AP)\"\/><\/figure>\n\n\n\n<p>En esa universidad el campus fue \u201ccerrado hasta nuevo aviso\u201d. Las autoridades informaron que no se registraron heridos y detallaron que las patrullas permanecer\u00edan en el \u00e1rea este jueves.<\/p>\n\n\n\n<p>Desde el 15 de abril, tiendas de campa\u00f1a multicolores fueron levantadas en los jardines de la Universidad de Columbia, en Nueva York. Decenas de estudiantes y graduados piden a la direcci\u00f3n del prestigioso centro universitario que corte sus lazos con empresas vinculadas a Israel.<\/p>\n\n\n\n<h2 class=\"wp-block-heading\">El movimiento de protesta sigue creciendo en Estados Unidos<\/h2>\n\n\n\n<p>Los manifestantes afirman que est\u00e1n indignados por el creciente n\u00famero de muertos civiles en la guerra de Israel contra el grupo islamista palestino Hamas.<\/p>\n\n\n\n<p>Sin embargo, muchos estudiantes jud\u00edos consideran que el movimiento es amenazante a su comunidad y crea un clima hostil contra ellos.&nbsp;<strong>Melissa Saidak<\/strong>, estudiante jud\u00eda, denunci\u00f3 que las manifestaciones atrajeron a individuos agresivos y a menudo violentos. \u201dUna persona me gritaba, me increpaba, me llamaba sionista y asesina. , dijo la alumna de la Universidad de Columbia, que porta una placa en solidaridad con los rehenes israel\u00edes tomados por Hamas y una estrella de David alrededor del cuello<a href=\"http:\/\/cuello.la\/\" target=\"_blank\" rel=\"noreferrer noopener\">.<\/a><\/p>\n\n\n\n<p>La tensi\u00f3n aument\u00f3 este jueves despu\u00e9s que un grupo de estudiantes plantaron banderitas de Israel frente a la sentada que tiene lugar desde hace m\u00e1s de una semana en apoyo a Palestina. Junto a las peque\u00f1as banderas del Estado jud\u00edo, colocadas estrat\u00e9gicamente en el c\u00e9sped contiguo al que protestan los alumnos propalestinos, se levantan tambi\u00e9n banderas de mayor tama\u00f1o de Estados Unidos.<\/p>\n\n\n\n<p>Las autoridades temen que las protestas propaguen los incidentes antisemitas. Incluso, el presidente de la C\u00e1mara de Representantes, el republicano<strong>&nbsp;Mike Johnson<\/strong>, dijo en el campus de Columbia que el \u201cvirus del antisemitismo\u201d est\u00e1 latente.<\/p>\n\n\n\n<p>Adem\u00e1s, advirti\u00f3 que si las manifestaciones no paraban se podr\u00eda recurrir al despliegue de efectivos de la Guardia Nacional, algo similar a lo que ocurri\u00f3 en los a\u00f1os 70 en varias universidades y que en algunos casos tuvo tr\u00e1gicos resultados en manifestaciones contra la guerra de Vietnam.<\/p>\n\n\n\n<p>Ante el aumento de las movilizaciones, la Casa Blanca asegur\u00f3 que el presidente Joe Biden \u201capoya la libertad de expresi\u00f3n\u201d en las universidades, pero aclar\u00f3 que rechaza esas manifestaciones \u201ccuando hay ret\u00f3rica de odio\u201d o \u201cviolencia\u201d.<\/p>\n","protected":false},"excerpt":{"rendered":"<p>Hubo enfrentamientos con las fuerzas de seguridad. Crece el temor a una ola de violencia mayor. Estudiantes jud\u00edos denuncian agresiones. En medio de un creciente clima de tensi\u00f3n y enfrentamientos,&nbsp;cientos&hellip; <\/p>\n","protected":false},"author":8,"featured_media":143069,"comment_status":"closed","ping_status":"open","sticky":false,"template":"","format":"standard","meta":{"footnotes":""},"categories":[11],"tags":[],"class_list":["post-143068","post","type-post","status-publish","format-standard","has-post-thumbnail","hentry","category-internacionales"],"_links":{"self":[{"href":"https:\/\/corrientesdetarde.com\/index.php\/wp-json\/wp\/v2\/posts\/143068","targetHints":{"allow":["GET"]}}],"collection":[{"href":"https:\/\/corrientesdetarde.com\/index.php\/wp-json\/wp\/v2\/posts"}],"about":[{"href":"https:\/\/corrientesdetarde.com\/index.php\/wp-json\/wp\/v2\/types\/post"}],"author":[{"embeddable":true,"href":"https:\/\/corrientesdetarde.com\/index.php\/wp-json\/wp\/v2\/users\/8"}],"replies":[{"embeddable":true,"href":"https:\/\/corrientesdetarde.com\/index.php\/wp-json\/wp\/v2\/comments?post=143068"}],"version-history":[{"count":1,"href":"https:\/\/corrientesdetarde.com\/index.php\/wp-json\/wp\/v2\/posts\/143068\/revisions"}],"predecessor-version":[{"id":143070,"href":"https:\/\/corrientesdetarde.com\/index.php\/wp-json\/wp\/v2\/posts\/143068\/revisions\/143070"}],"wp:featuredmedia":[{"embeddable":true,"href":"https:\/\/corrientesdetarde.com\/index.php\/wp-json\/wp\/v2\/media\/143069"}],"wp:attachment":[{"href":"https:\/\/corrientesdetarde.com\/index.php\/wp-json\/wp\/v2\/media?parent=143068"}],"wp:term":[{"taxonomy":"category","embeddable":true,"href":"https:\/\/corrientesdetarde.com\/index.php\/wp-json\/wp\/v2\/categories?post=143068"},{"taxonomy":"post_tag","embeddable":true,"href":"https:\/\/corrientesdetarde.com\/index.php\/wp-json\/wp\/v2\/tags?post=143068"}],"curies":[{"name":"wp","href":"https:\/\/api.w.org\/{rel}","templated":true}]}}