{"id":14310,"date":"2022-10-25T11:36:14","date_gmt":"2022-10-25T14:36:14","guid":{"rendered":"https:\/\/corrientesdetarde.com\/?p=14310"},"modified":"2022-10-25T11:36:18","modified_gmt":"2022-10-25T14:36:18","slug":"la-municipalidad-capacita-a-los-guardavidas-para-mejorar-la-atencion-al-turista","status":"publish","type":"post","link":"https:\/\/corrientesdetarde.com\/index.php\/informacion-general\/la-municipalidad-capacita-a-los-guardavidas-para-mejorar-la-atencion-al-turista\/","title":{"rendered":"La Municipalidad capacita a los guardavidas\u00a0para mejorar la atenci\u00f3n al turista\u00a0"},"content":{"rendered":"\n<p><em>Los talleres son llevados adelante por la Secretar\u00eda de Turismo y Deportes y el Instituto de Formaci\u00f3n y Capacitaci\u00f3n de la Administraci\u00f3n Municipal (Ifcam), para mejorar las prestaciones que se brindan en las cinco playas capitalinas. \u00a0<\/em><\/p>\n\n\n\n<figure class=\"wp-block-image size-large\"><img loading=\"lazy\" decoding=\"async\" width=\"1024\" height=\"669\" src=\"https:\/\/corrientesdetarde.com\/wp-content\/uploads\/2022\/10\/Captura-de-pantalla-2022-10-25-113341-1024x669.png\" alt=\"\" class=\"wp-image-14312\" srcset=\"https:\/\/corrientesdetarde.com\/wp-content\/uploads\/2022\/10\/Captura-de-pantalla-2022-10-25-113341-1024x669.png 1024w, https:\/\/corrientesdetarde.com\/wp-content\/uploads\/2022\/10\/Captura-de-pantalla-2022-10-25-113341-300x196.png 300w, https:\/\/corrientesdetarde.com\/wp-content\/uploads\/2022\/10\/Captura-de-pantalla-2022-10-25-113341-768x502.png 768w, https:\/\/corrientesdetarde.com\/wp-content\/uploads\/2022\/10\/Captura-de-pantalla-2022-10-25-113341.png 1265w\" sizes=\"auto, (max-width: 1024px) 100vw, 1024px\" \/><\/figure>\n\n\n\n<p>La Municipalidad de Corrientes inici\u00f3 este lunes una serie de capacitaciones destinadas a todos los guardavidas que prestan servicio en las cinco playas de la ciudad, para mejorar la atenci\u00f3n al turista.\u00a0<br><br>Se trata de una acci\u00f3n llevada adelante por la Secretar\u00eda de Turismo y Deportes y el Instituto de Formaci\u00f3n y Capacitaci\u00f3n de la Administraci\u00f3n Municipal (Ifcam).\u00a0<br><br>Las capacitaciones comenzaron el lunes y continuar\u00e1n hoy martes. Las mismas se realizan por turnos, para no interrumpir el trabajo en los balnearios p\u00fablicos.\u00a0<br><br>El secretario de Turismo y Deportes, Juan Enrique Braillard Poccard, remarc\u00f3 la importancia de avanzar en estas capacitaciones y destac\u00f3 que tienen el fin de mejorar la atenci\u00f3n y, de esta manera, &#8220;seguir posicionando a Corrientes como uno de los destinos tur\u00edsticos m\u00e1s importantes del pa\u00eds\u201d.\u00a0<\/p>\n\n\n\n<figure class=\"wp-block-image size-large\"><img loading=\"lazy\" decoding=\"async\" width=\"1024\" height=\"758\" src=\"https:\/\/corrientesdetarde.com\/wp-content\/uploads\/2022\/10\/Captura-de-pantalla-2022-10-25-113356-1024x758.png\" alt=\"\" class=\"wp-image-14313\" srcset=\"https:\/\/corrientesdetarde.com\/wp-content\/uploads\/2022\/10\/Captura-de-pantalla-2022-10-25-113356-1024x758.png 1024w, https:\/\/corrientesdetarde.com\/wp-content\/uploads\/2022\/10\/Captura-de-pantalla-2022-10-25-113356-300x222.png 300w, https:\/\/corrientesdetarde.com\/wp-content\/uploads\/2022\/10\/Captura-de-pantalla-2022-10-25-113356-768x569.png 768w, https:\/\/corrientesdetarde.com\/wp-content\/uploads\/2022\/10\/Captura-de-pantalla-2022-10-25-113356.png 1202w\" sizes=\"auto, (max-width: 1024px) 100vw, 1024px\" \/><\/figure>\n\n\n\n<p><br><br>Por su parte, el director de Capacitaci\u00f3n, Calidad e Innovaci\u00f3n, Carlos Farizano, asegur\u00f3 que durante los cursos se abordan tem\u00e1ticas como: \u201cEl rol fundamental que cumplen los guardavidas dentro del sistema tur\u00edstico de la ciudad de Corrientes como destino; la importancia que tiene el turismo en el desarrollo econ\u00f3mico y la oferta tur\u00edstica que Corrientes tiene para ofrecer\u201d.\u00a0<br><br>El funcionario se\u00f1al\u00f3, en este sentido, que en total hay 48\u00a0guardavidas que trabajan en las cinco playas y que la Municipalidad con estas actividades \u201cbusca mejorar la experiencia de las personas que vienen a disfrutar de la ciudad de Corrientes\u201d.<br><br>Por su parte, el director general de Playas y Balnearios, Adrian Meza, se\u00f1al\u00f3 que ya se llevaron adelante cursos de RCP y t\u00e9cnicas de rescate\u00a0para todo el plantel de guardavidas, y que en esta oportunidad la formaci\u00f3n est\u00e1 vinculada a sensibilizaci\u00f3n tur\u00edstica. \u201cSabemos la importancia de este tipo de capacitaciones porque son el nexo directo con el turista\u201d, reflej\u00f3.<\/p>\n","protected":false},"excerpt":{"rendered":"<p>Los talleres son llevados adelante por la Secretar\u00eda de Turismo y Deportes y el Instituto de Formaci\u00f3n y Capacitaci\u00f3n de la Administraci\u00f3n Municipal (Ifcam), para mejorar las prestaciones que se&hellip; <\/p>\n","protected":false},"author":4,"featured_media":14311,"comment_status":"closed","ping_status":"open","sticky":false,"template":"","format":"standard","meta":{"footnotes":""},"categories":[1],"tags":[],"class_list":["post-14310","post","type-post","status-publish","format-standard","has-post-thumbnail","hentry","category-informacion-general"],"_links":{"self":[{"href":"https:\/\/corrientesdetarde.com\/index.php\/wp-json\/wp\/v2\/posts\/14310","targetHints":{"allow":["GET"]}}],"collection":[{"href":"https:\/\/corrientesdetarde.com\/index.php\/wp-json\/wp\/v2\/posts"}],"about":[{"href":"https:\/\/corrientesdetarde.com\/index.php\/wp-json\/wp\/v2\/types\/post"}],"author":[{"embeddable":true,"href":"https:\/\/corrientesdetarde.com\/index.php\/wp-json\/wp\/v2\/users\/4"}],"replies":[{"embeddable":true,"href":"https:\/\/corrientesdetarde.com\/index.php\/wp-json\/wp\/v2\/comments?post=14310"}],"version-history":[{"count":1,"href":"https:\/\/corrientesdetarde.com\/index.php\/wp-json\/wp\/v2\/posts\/14310\/revisions"}],"predecessor-version":[{"id":14314,"href":"https:\/\/corrientesdetarde.com\/index.php\/wp-json\/wp\/v2\/posts\/14310\/revisions\/14314"}],"wp:featuredmedia":[{"embeddable":true,"href":"https:\/\/corrientesdetarde.com\/index.php\/wp-json\/wp\/v2\/media\/14311"}],"wp:attachment":[{"href":"https:\/\/corrientesdetarde.com\/index.php\/wp-json\/wp\/v2\/media?parent=14310"}],"wp:term":[{"taxonomy":"category","embeddable":true,"href":"https:\/\/corrientesdetarde.com\/index.php\/wp-json\/wp\/v2\/categories?post=14310"},{"taxonomy":"post_tag","embeddable":true,"href":"https:\/\/corrientesdetarde.com\/index.php\/wp-json\/wp\/v2\/tags?post=14310"}],"curies":[{"name":"wp","href":"https:\/\/api.w.org\/{rel}","templated":true}]}}