{"id":14322,"date":"2022-10-25T11:51:13","date_gmt":"2022-10-25T14:51:13","guid":{"rendered":"https:\/\/corrientesdetarde.com\/?p=14322"},"modified":"2022-10-25T11:51:17","modified_gmt":"2022-10-25T14:51:17","slug":"acuerdo-de-colaboracion-para-la-implementacion-del-presupuesto-participativo-joven-en-bella-vista","status":"publish","type":"post","link":"https:\/\/corrientesdetarde.com\/index.php\/sociales\/acuerdo-de-colaboracion-para-la-implementacion-del-presupuesto-participativo-joven-en-bella-vista\/","title":{"rendered":"Acuerdo de colaboraci\u00f3n para la implementaci\u00f3n del Presupuesto Participativo Joven en Bella Vista"},"content":{"rendered":"\n<p>&nbsp;La ministra de Educaci\u00f3n Pr\u00e1xedes L\u00f3pez y la intendenta de la localidad de Bella Vista Noelia Bazzi, firmaron ayer (lunes) un acuerdo de colaboraci\u00f3n para la implementaci\u00f3n del Presupuesto Participativo Joven. Se trata de una herramienta que busca integrar a los j\u00f3venes de entre 14 y 21 a\u00f1os, a la vida comunitaria y a la gesti\u00f3n p\u00fablica de los recursos municipales.<\/p>\n\n\n\n<p>\u201cCuando se involucra a los j\u00f3venes, se encuentran soluciones a cada una de las problem\u00e1ticas\u201d dijo la ministra de Educaci\u00f3n Pr\u00e1xedes L\u00f3pez durante la firma del Acuerdo de colaboraci\u00f3n para la implementaci\u00f3n del Presupuesto Participativo Joven. El acto tuvo lugar en la sala de situaciones de la cartera educativa provincial y cont\u00f3 con la presencia de la intendenta Bella Vista Noelia Bazzi.&nbsp;&nbsp;<\/p>\n\n\n\n<p>En la oportunidad, la ministra marc\u00f3 la importancia de que las escuelas se involucren y puedan colaborar con los alumnos cuando estos redacten sus proyectos con el objetivo de lograr financiamiento a trav\u00e9s del Presupuesto Participativo Joven. \u201cTodos sabemos que colaborando y trabajando en equipo se llega a proyectos muy interesantes para la comunidad\u201d, consider\u00f3 y agreg\u00f3: \u201cOjal\u00e1 que surjan muchos m\u00e1s proyectos similares a este que hace la Municipalidad de Bella Vista, para que los alumnos puedan crecer adentro de las instituciones y tambi\u00e9n puedan crecer y favorecer a su comunidad\u201d.\u00a0<\/p>\n\n\n\n<figure class=\"wp-block-image size-large\"><img loading=\"lazy\" decoding=\"async\" width=\"1024\" height=\"674\" src=\"https:\/\/corrientesdetarde.com\/wp-content\/uploads\/2022\/10\/Captura-de-pantalla-2022-10-25-114926-1024x674.png\" alt=\"\" class=\"wp-image-14324\" srcset=\"https:\/\/corrientesdetarde.com\/wp-content\/uploads\/2022\/10\/Captura-de-pantalla-2022-10-25-114926-1024x674.png 1024w, https:\/\/corrientesdetarde.com\/wp-content\/uploads\/2022\/10\/Captura-de-pantalla-2022-10-25-114926-300x197.png 300w, https:\/\/corrientesdetarde.com\/wp-content\/uploads\/2022\/10\/Captura-de-pantalla-2022-10-25-114926-768x505.png 768w, https:\/\/corrientesdetarde.com\/wp-content\/uploads\/2022\/10\/Captura-de-pantalla-2022-10-25-114926.png 1275w\" sizes=\"auto, (max-width: 1024px) 100vw, 1024px\" \/><\/figure>\n\n\n\n<p>A su turno, la intendenta Noelia Bazzi explic\u00f3: \u201cBella Vista es el \u00fanico municipio de la provincia que ejecuta desde hace varios a\u00f1os el programa Presupuesto Participativo. En un principio se desarroll\u00f3 de manera general, vinculando a toda la ciudadan\u00eda y con libertad de presentaci\u00f3n de proyectos de personas mayores de 18 a\u00f1os. A partir de este a\u00f1o decidimos como equipo, incluir a los j\u00f3venes dentro de este programa y generar de manera paralela el Presupuesto Participativo Joven, donde solamente participan personas de entre 14 y 21 a\u00f1os. Para esto se usan fondos municipales, pero para el general se reciben tambi\u00e9n fondos de la Provincia ya desde el a\u00f1o pasado\u201d.<\/p>\n\n\n\n<p>Vale se\u00f1alar que, mediante este programa, los j\u00f3venes desarrollan proyectos y los ponen a consideraci\u00f3n de la sociedad para que, a trav\u00e9s de un proceso de votaci\u00f3n, \u00e9sta decida cuales recibir\u00e1n financiamiento.&nbsp;<\/p>\n\n\n\n<p>&nbsp;En tal sentido, Bazzi destac\u00f3 la participaci\u00f3n del Ministerio de Educaci\u00f3n y dijo: \u201cCreemos que es importante tener la participaci\u00f3n del Ministerio de Educaci\u00f3n, principalmente para que los chicos puedan votar en las instituciones educativas y que no tengan que trasladarse a alguna instituci\u00f3n p\u00fablica\u201d y record\u00f3 que la votaci\u00f3n ser\u00e1 este mi\u00e9rcoles. \u201cTenemos m\u00e1s de 40 proyectos presentados por j\u00f3venes y los chicos ya est\u00e1n haciendo su campa\u00f1a\u201d, cont\u00f3.&nbsp;<\/p>\n\n\n\n<p>El acto cont\u00f3 tambi\u00e9n con la presencia de la secretaria de Planificaci\u00f3n Estrat\u00e9gica de Bella Vista Lorena Rinesi, la secretaria General del Ministerio de Educaci\u00f3n Pabla Muzzachiodi, el subsecretario de Infraestructura Escolar Emilio Breard, el subsecretario de Gesti\u00f3n Educativa Julio Nav\u00edas y el director General de Nivel Secundario Sergio Guti\u00e9rrez.<\/p>\n","protected":false},"excerpt":{"rendered":"<p>&nbsp;La ministra de Educaci\u00f3n Pr\u00e1xedes L\u00f3pez y la intendenta de la localidad de Bella Vista Noelia Bazzi, firmaron ayer (lunes) un acuerdo de colaboraci\u00f3n para la implementaci\u00f3n del Presupuesto Participativo&hellip; <\/p>\n","protected":false},"author":4,"featured_media":14323,"comment_status":"closed","ping_status":"open","sticky":false,"template":"","format":"standard","meta":{"footnotes":""},"categories":[17],"tags":[],"class_list":["post-14322","post","type-post","status-publish","format-standard","has-post-thumbnail","hentry","category-sociales"],"_links":{"self":[{"href":"https:\/\/corrientesdetarde.com\/index.php\/wp-json\/wp\/v2\/posts\/14322","targetHints":{"allow":["GET"]}}],"collection":[{"href":"https:\/\/corrientesdetarde.com\/index.php\/wp-json\/wp\/v2\/posts"}],"about":[{"href":"https:\/\/corrientesdetarde.com\/index.php\/wp-json\/wp\/v2\/types\/post"}],"author":[{"embeddable":true,"href":"https:\/\/corrientesdetarde.com\/index.php\/wp-json\/wp\/v2\/users\/4"}],"replies":[{"embeddable":true,"href":"https:\/\/corrientesdetarde.com\/index.php\/wp-json\/wp\/v2\/comments?post=14322"}],"version-history":[{"count":1,"href":"https:\/\/corrientesdetarde.com\/index.php\/wp-json\/wp\/v2\/posts\/14322\/revisions"}],"predecessor-version":[{"id":14325,"href":"https:\/\/corrientesdetarde.com\/index.php\/wp-json\/wp\/v2\/posts\/14322\/revisions\/14325"}],"wp:featuredmedia":[{"embeddable":true,"href":"https:\/\/corrientesdetarde.com\/index.php\/wp-json\/wp\/v2\/media\/14323"}],"wp:attachment":[{"href":"https:\/\/corrientesdetarde.com\/index.php\/wp-json\/wp\/v2\/media?parent=14322"}],"wp:term":[{"taxonomy":"category","embeddable":true,"href":"https:\/\/corrientesdetarde.com\/index.php\/wp-json\/wp\/v2\/categories?post=14322"},{"taxonomy":"post_tag","embeddable":true,"href":"https:\/\/corrientesdetarde.com\/index.php\/wp-json\/wp\/v2\/tags?post=14322"}],"curies":[{"name":"wp","href":"https:\/\/api.w.org\/{rel}","templated":true}]}}