{"id":143255,"date":"2024-04-26T18:48:55","date_gmt":"2024-04-26T21:48:55","guid":{"rendered":"https:\/\/corrientesdetarde.com\/?p=143255"},"modified":"2024-04-26T18:48:57","modified_gmt":"2024-04-26T21:48:57","slug":"la-gestion-libertaria-confia-mas-en-su-plan-economico-que-en-la-aprobacion-de-la-ley-bases","status":"publish","type":"post","link":"https:\/\/corrientesdetarde.com\/index.php\/politica\/la-gestion-libertaria-confia-mas-en-su-plan-economico-que-en-la-aprobacion-de-la-ley-bases\/","title":{"rendered":"La gesti\u00f3n libertaria conf\u00eda m\u00e1s en su plan econ\u00f3mico que en la aprobaci\u00f3n de la Ley Bases"},"content":{"rendered":"\n<p><strong>Por Juan Pablo Peralta desde Casa Rosada<\/strong><\/p>\n\n\n\n<p>El presidente Javier Milei se qued\u00f3 sin agenda p\u00fablica en Olivos. Su vocero Manuel Adorni sali\u00f3 a anunciar inversiones y la pr\u00f3xima gira internacional de la canciller Diana Mondino, que ir\u00e1 a Europa y China. Consultado por la situaci\u00f3n econ\u00f3mica que viven los trabajadores, el funcionario responsabiliz\u00f3 a la gesti\u00f3n anterior y se\u00f1al\u00f3 que Capital Humano se est\u00e1 encargando de los m\u00e1s vulnerables y necesitados.<\/p>\n\n\n\n<figure class=\"wp-block-embed is-type-video is-provider-youtube wp-block-embed-youtube wp-embed-aspect-16-9 wp-has-aspect-ratio\"><div class=\"wp-block-embed__wrapper\">\n<iframe loading=\"lazy\" title=\"La gesti\u00f3n libertaria  conf\u00eda m\u00e1s en su plan econ\u00f3mico que en la aprobaci\u00f3n de la Ley Bases\" width=\"1110\" height=\"624\" src=\"https:\/\/www.youtube.com\/embed\/Z63VjFtLZ0c?feature=oembed\" frameborder=\"0\" allow=\"accelerometer; autoplay; clipboard-write; encrypted-media; gyroscope; picture-in-picture; web-share\" referrerpolicy=\"strict-origin-when-cross-origin\" allowfullscreen><\/iframe>\n<\/div><\/figure>\n\n\n\n<p>Con respecto a la Ley Bases, asever\u00f3 que siempre van a insistir en el Congreso. Con respecto a la pol\u00e9mica con el titular de la Fundaci\u00f3n del Libro, Alejandro Vaccaro, quien se\u00f1al\u00f3 que no hay plata para garantizar la seguridad de Milei el 12 de mayo cuando presente un nuevo texto en el predio rural de Palermo -en una cr\u00edtica a su administraci\u00f3n en materia cultural- Adorni dijo que de eso se encarga la Casa Militar.<\/p>\n","protected":false},"excerpt":{"rendered":"<p>Por Juan Pablo Peralta desde Casa Rosada El presidente Javier Milei se qued\u00f3 sin agenda p\u00fablica en Olivos. Su vocero Manuel Adorni sali\u00f3 a anunciar inversiones y la pr\u00f3xima gira&hellip; <\/p>\n","protected":false},"author":11,"featured_media":143256,"comment_status":"closed","ping_status":"open","sticky":false,"template":"","format":"standard","meta":{"footnotes":""},"categories":[10,3],"tags":[],"class_list":["post-143255","post","type-post","status-publish","format-standard","has-post-thumbnail","hentry","category-nacionales","category-politica"],"_links":{"self":[{"href":"https:\/\/corrientesdetarde.com\/index.php\/wp-json\/wp\/v2\/posts\/143255","targetHints":{"allow":["GET"]}}],"collection":[{"href":"https:\/\/corrientesdetarde.com\/index.php\/wp-json\/wp\/v2\/posts"}],"about":[{"href":"https:\/\/corrientesdetarde.com\/index.php\/wp-json\/wp\/v2\/types\/post"}],"author":[{"embeddable":true,"href":"https:\/\/corrientesdetarde.com\/index.php\/wp-json\/wp\/v2\/users\/11"}],"replies":[{"embeddable":true,"href":"https:\/\/corrientesdetarde.com\/index.php\/wp-json\/wp\/v2\/comments?post=143255"}],"version-history":[{"count":2,"href":"https:\/\/corrientesdetarde.com\/index.php\/wp-json\/wp\/v2\/posts\/143255\/revisions"}],"predecessor-version":[{"id":143258,"href":"https:\/\/corrientesdetarde.com\/index.php\/wp-json\/wp\/v2\/posts\/143255\/revisions\/143258"}],"wp:featuredmedia":[{"embeddable":true,"href":"https:\/\/corrientesdetarde.com\/index.php\/wp-json\/wp\/v2\/media\/143256"}],"wp:attachment":[{"href":"https:\/\/corrientesdetarde.com\/index.php\/wp-json\/wp\/v2\/media?parent=143255"}],"wp:term":[{"taxonomy":"category","embeddable":true,"href":"https:\/\/corrientesdetarde.com\/index.php\/wp-json\/wp\/v2\/categories?post=143255"},{"taxonomy":"post_tag","embeddable":true,"href":"https:\/\/corrientesdetarde.com\/index.php\/wp-json\/wp\/v2\/tags?post=143255"}],"curies":[{"name":"wp","href":"https:\/\/api.w.org\/{rel}","templated":true}]}}