{"id":143260,"date":"2024-04-26T22:42:34","date_gmt":"2024-04-27T01:42:34","guid":{"rendered":"https:\/\/corrientesdetarde.com\/?p=143260"},"modified":"2024-04-26T22:42:37","modified_gmt":"2024-04-27T01:42:37","slug":"eduardo-pinto-director-de-las-nubes-no-hacemos-cine-por-dinero-sino-por-la-necesidad-de-contar-buenas-historias","status":"publish","type":"post","link":"https:\/\/corrientesdetarde.com\/index.php\/espectaculos\/eduardo-pinto-director-de-las-nubes-no-hacemos-cine-por-dinero-sino-por-la-necesidad-de-contar-buenas-historias\/","title":{"rendered":"Eduardo Pinto, director de Las nubes: \u201cNo hacemos cine por dinero sino por la necesidad de contar buenas historias\u201d"},"content":{"rendered":"\n<p>En su \u00faltimo trabajo dirige a un gran elenco integrado por Luciano C\u00e1ceres, Diego Cremonesi, Andrea Rinc\u00f3n, Guillermo Zapata, Alberto Ajaka, Leonor Manso, Mat\u00edas Desideiro y Daniel Fanego, entre otros.<\/p>\n\n\n\n<p><strong>\u201cEn el oeste est\u00e1 el agite\u201d<\/strong>&nbsp;canta en uno de sus temas m\u00e1s emblem\u00e1ticos de Divididos. Algo tiene ese oeste que no solo engendra bandas de rock sino tambi\u00e9n buenas historias que se plasman en pantalla. Y algo de eso sabe el director<strong>&nbsp;Eduardo Pinto<\/strong>, un hombre que viene de Moreno. El realizador encontr\u00f3 una est\u00e9tica transitando desde adolescente por esos lugares sin asfalto donde la ca\u00edda del sol se mezcla con fogatas de basura.<\/p>\n\n\n\n<p>Fue en los viajes en el tren Sarmiento de Moreno a Miserere y de Miserere a Moreno cuando entre pasajeros agotados de realidad supo que quer\u00eda contar la historia de olvidados, esos&nbsp;<strong>\u201cpersonajes perdedores, oscuros y\/o perif\u00e9ricos, que en los horarios de mayor rating no aparecen\u201d<\/strong>, como declara.<\/p>\n\n\n\n<p>En sus comienzos como t\u00e9cnico de cine y director de fotograf\u00eda, Pinto trabaj\u00f3 en&nbsp;<em>Donde cae el sol<\/em>&nbsp;de&nbsp;Gustavo Fontan,&nbsp;<em>\u00c1ngel la diva y yo<\/em>&nbsp;de&nbsp;Pablo Nisenson,&nbsp;<em>El origen de la tristeza<\/em>&nbsp;de&nbsp;Oscar Frenkel.&nbsp;Polifac\u00e9tico dirigi\u00f3 y fotografi\u00f3 m\u00e1s de ciento cincuenta videoclips para artistas argentinos y extranjeros y gan\u00f3 el MTV Awards por&nbsp;<em>Color Esperanza<\/em>&nbsp;de&nbsp;Diego Torres. De la m\u00fasica pas\u00f3 a dirigir el documental&nbsp;<em>Buen d\u00eda d\u00eda&nbsp;sobre la vida<\/em>&nbsp;de&nbsp;Miguel Abuelo&nbsp;estrenado en Bafici. Su pel\u00edcula&nbsp;<em>Palermo Hollywood<\/em>&nbsp;fue seleccionada para el Sundance 05 y se reestren\u00f3 hace cuatro a\u00f1os en Netflix.<\/p>\n\n\n\n<p><em><strong>Las nubes<\/strong><\/em>\u00a0es su \u00faltimo trabajo, un policial de diablos y \u00e1ngeles, de bandidos armados y de esos otros que sin armas ampara la ley.\u00a0<strong>Un thriller que trata de gente libre que no es tan libre, de decisiones y de ambiciones, con Guillermo Zapata como protagonista, acompa\u00f1ado por la solvencia de Diego Cremonesi y una Andrea Rinc\u00f3n que vuelve a brillar como actriz.<\/strong><\/p>\n\n\n\n<figure class=\"wp-block-image size-full\"><img loading=\"lazy\" decoding=\"async\" width=\"780\" height=\"323\" src=\"https:\/\/corrientesdetarde.com\/wp-content\/uploads\/2024\/04\/image-707.png\" alt=\"\" class=\"wp-image-143292\" srcset=\"https:\/\/corrientesdetarde.com\/wp-content\/uploads\/2024\/04\/image-707.png 780w, https:\/\/corrientesdetarde.com\/wp-content\/uploads\/2024\/04\/image-707-300x124.png 300w, https:\/\/corrientesdetarde.com\/wp-content\/uploads\/2024\/04\/image-707-768x318.png 768w\" sizes=\"auto, (max-width: 780px) 100vw, 780px\" \/><\/figure>\n\n\n\n<p><strong>&#8211; \u00bfC\u00f3mo surge esta historia?<\/strong><\/p>\n\n\n\n<p>&#8211; Nace por una necesidad de filmar, de hacer algo juntos con Guillermo Zapata. Nos conocimos hace 30 a\u00f1os trabajando en una serie espa\u00f1ola. \u00c9l era protagonista -junto a Sancho Gracia, Luis Brandoni y Javier Bardem- y yo era reflectorista, y ya en ese entonces dec\u00edamos que quer\u00edamos filmar algo. Diez a\u00f1os despu\u00e9s estuvimos a punto de lograrlo, pero el proyecto no prosper\u00f3. Hasta que apareci\u00f3&nbsp;<em>Las nubes<\/em>.&nbsp;<strong>Guillermo trajo la idea que hab\u00eda pensado con su amigo Diego Ramos, la le\u00ed y empec\u00e9 a desarrollar, y trabajar el guion. Despu\u00e9s de un a\u00f1o y medio decidimos hacer la pel\u00edcula de forma independiente.<\/strong><\/p>\n\n\n\n<p>El elenco es el sue\u00f1o de muchos directores. Participan\u00a0<strong>Luciano C\u00e1ceres, Leonor Manso, Patricio Contreras, Alberto Ajaka, Daniel Fanego<\/strong>\u2026 Con mi hermano Pablo tenemos una productora y Luciano C\u00e1ceres colabora con nosotros. Con \u00e9l trabajamos en pel\u00edculas como\u00a0<em>El desarmadero, Corral\u00f3n<\/em>. Por otro lado, desde los actores quieren participar en nuestros proyectos porque son pel\u00edculas sociales y art\u00edsticas. Hay como un inter\u00e9s siempre de estar y colaborar como Fanego, que estuvo en\u00a0<em>La sabidur\u00eda<\/em>, una pel\u00edcula anterior. Con Leonor y Patricio tambi\u00e9n ya trabajamos en otros proyectos. Con todos ellos uno siente que m\u00e1s que un grupo de artistas somos una familia.<br><strong>Es muy interesante el rol de Andrea Rinc\u00f3n. Sin perder su sensualidad compone un personaje fuerte y personal.<\/strong>\u00a0<\/p>\n\n\n\n<figure class=\"wp-block-image size-full\"><img loading=\"lazy\" decoding=\"async\" width=\"776\" height=\"321\" src=\"https:\/\/corrientesdetarde.com\/wp-content\/uploads\/2024\/04\/image-708.png\" alt=\"\" class=\"wp-image-143293\" srcset=\"https:\/\/corrientesdetarde.com\/wp-content\/uploads\/2024\/04\/image-708.png 776w, https:\/\/corrientesdetarde.com\/wp-content\/uploads\/2024\/04\/image-708-300x124.png 300w, https:\/\/corrientesdetarde.com\/wp-content\/uploads\/2024\/04\/image-708-768x318.png 768w\" sizes=\"auto, (max-width: 776px) 100vw, 776px\" \/><\/figure>\n\n\n\n<p><strong>&#8211; \u00bfC\u00f3mo fue crear a Tamara?&nbsp;<\/strong><\/p>\n\n\n\n<p>&#8211; Escrib\u00ed ese personaje pensando en ella. Fue la primera vez que me pas\u00f3 escribir pensado en la actriz. Al escribir yo considero las capacidades de los artistas y Andrea es una gran artista. Busqu\u00e9 revalorizar su lado art\u00edstico por sobre el de&nbsp;<em>sex symbol<\/em>, sab\u00eda que iba a funcionar y funcion\u00f3.<\/p>\n\n\n\n<p><strong>&#8211; \u00bfTu estilo narrativo se enmarca en una construcci\u00f3n audiovisual?<\/strong><\/p>\n\n\n\n<p>&#8211; Mis pel\u00edculas tienen esa caracter\u00edstica. Lo audiovisual en el relato y el lenguaje cinematogr\u00e1fico est\u00e1 llevado al m\u00e1ximo. En el cine argentino muchas veces lo que se valora es lo que se agarra en el texto, como en el teatro. Pero el cine que me gusta a mi&nbsp;<strong>es una obra audiovisual, donde el sonido, la m\u00fasica, los efectos sonoros, m\u00e1s las im\u00e1genes, la fotograf\u00eda y el encuadre tendr\u00edan que ser suficiente para narrar, para contar. Me gustan esas pelis, y todas las pel\u00edculas que est\u00e1n dentro de eso<\/strong>. Lo primero que dicen a veces es \u201cqu\u00e9 buena fotograf\u00eda\u201d y no es la fotograf\u00eda es el lenguaje, es el encuadre, es la luz, es el sonido. No estamos acostumbrados a ver este tipo de pel\u00edculas donde la imagen narre tanto como el texto.<\/p>\n\n\n\n<p><strong>&#8211; \u00bfHay una influencia de tu pasado como director de videoclip?<\/strong><\/p>\n\n\n\n<p>&#8211; Soy fot\u00f3grafo y director de videoclip, un formato donde en tres minutos ten\u00edas que contar algo. Pero de esos tres minutos que dura la canci\u00f3n, hay solo un minuto que el espectador va a recordar. Ese es un ejercicio que yo tom\u00e9 y aprovech\u00e9 del videoclip. En tres minutos contar una historia, una sensaci\u00f3n, una emoci\u00f3n, y el cine es eso.&nbsp;<strong>&nbsp;Leonardo Favio dec\u00eda que cada dos o tres minutos hay que darle una informaci\u00f3n al p\u00fablico, algo nuevo, no repetir. Eso me qued\u00f3 grabado.<\/strong><\/p>\n\n\n\n<p><strong>&#8211; En tu cine se ve una predilecci\u00f3n por los personajes olvidados&nbsp;<\/strong><\/p>\n\n\n\n<p>&#8211; Nac\u00ed en Moreno, a los 15 me tomaba el tren para ver pel\u00edculas y&nbsp;<strong>siempre me detuve en estos personajes que est\u00e1n en la calle, que no tienen voz.<\/strong>&nbsp;Puede ser que, en alg\u00fan momento, alg\u00fan movimiento pol\u00edtico haya hablado por ellos, pero en lo audiovisual son olvidados, est\u00e1n al margen de lo que se ve en las pel\u00edculas. No se cuentan sus historias y esas son las que a m\u00ed me interesan. En los afiches de&nbsp;<em>Taxi Driver<\/em>&nbsp;hab\u00eda un texto que dice:&nbsp;<strong>\u201cEn cada calle, en cada lugar, hay un personaje olvidado, desesperado por demostrar que existe\u201d<\/strong>.&nbsp;Esa frase me la anot\u00e9 en una agenda a los 20 a\u00f1os y dije que quer\u00eda contar estas historias. En todas que filmo son personajes que est\u00e1n en situaciones l\u00edmite o no son aceptados socialmente.<\/p>\n\n\n\n<p><strong>&#8211; En Las Nubes plasm\u00e1s una mirada pol\u00edtica, pero sin una bajada de l\u00ednea, \u00bfc\u00f3mo lo conseguiste?<\/strong><\/p>\n\n\n\n<p><strong>&#8211; Todas mis pel\u00edculas poseen una mirada social y tambi\u00e9n pol\u00edtica.<\/strong>\u00a0En este caso es como una cebolla llena de capas. Una de esas capas es la cr\u00edtica al sistema pol\u00edtico actual donde se enarbola la libertad bajo precios terribles.<\/p>\n\n\n\n<figure class=\"wp-block-image size-full\"><img loading=\"lazy\" decoding=\"async\" width=\"778\" height=\"468\" src=\"https:\/\/corrientesdetarde.com\/wp-content\/uploads\/2024\/04\/image-709.png\" alt=\"\" class=\"wp-image-143294\" srcset=\"https:\/\/corrientesdetarde.com\/wp-content\/uploads\/2024\/04\/image-709.png 778w, https:\/\/corrientesdetarde.com\/wp-content\/uploads\/2024\/04\/image-709-300x180.png 300w, https:\/\/corrientesdetarde.com\/wp-content\/uploads\/2024\/04\/image-709-768x462.png 768w\" sizes=\"auto, (max-width: 778px) 100vw, 778px\" \/><\/figure>\n\n\n\n<p><strong>La peli expone que estos ladrones roban el dinero sucio de la democracia.<\/strong>\u00a0Le roban a una familia de sojeros que venden soja a Paraguay, a un sindicalista que guarda dinero sucio en su casa. Me parece que la pel\u00edcula\u00a0<strong>tiene una cr\u00edtica social y pol\u00edtica y sin caer en la propaganda de un lado o de otro que es algo que a m\u00ed no me interesa, tal vez s\u00ed una cr\u00edtica m\u00e1s a un sistema.<\/strong><\/p>\n\n\n\n<p><strong>&#8211; Comienza el camino de los festivales \u00bfc\u00f3mo ser\u00e1 recibida?<\/strong><\/p>\n\n\n\n<p>&#8211; El 7 de mayo se proyecta en Bilbao, luego vamos Toledo y otros festivales. Busco que, aunque sean pa\u00edses con realidades distintas transmitir experiencias que son universales, que se vean situaciones que suceden en la Argentina pero que podr\u00eda ocurrir en cualquier otra parte del mundo.&nbsp;<\/p>\n\n\n\n<p><strong>&#8211; En el a\u00f1o 2022 dirigiste la serie&nbsp;Selenkay&nbsp;para Disney, el largometraje&nbsp;<\/strong><em><strong>El \u00e1tico<\/strong><\/em><strong>&nbsp;filmado en Madrid y en 2023&nbsp;<\/strong><em><strong>Las nubes<\/strong><\/em><strong>. \u00bfPara dirigir se debe ser multiproyectos?<\/strong><\/p>\n\n\n\n<p>&#8211; Los que me conocen me preguntan c\u00f3mo hago. No paro. Pero fue un momento que se dio as\u00ed. Fue un a\u00f1o de trabajar y ahora este es otro de vidriera, de mostrar los trabajos.&nbsp;<strong>Estoy siempre produciendo, trabajando, buscando ideas, productores. A m\u00ed lo que me interesa es filmar y generar obra cinematogr\u00e1fica<\/strong>.<\/p>\n\n\n\n<p><strong>&#8211; \u00bfC\u00f3mo se logra que esa obra sea redituable?<\/strong><\/p>\n\n\n\n<p><strong>&#8211; Hago las pel\u00edculas que hago conectado con el espectador.<\/strong>&nbsp;Busco que le llegue, que sea interesante. Hay pel\u00edculas que devuelven y otras no gan\u00e1s nada, hay proyectos m\u00e1s redituables que otros. Pero no hacemos cine por dinero sino por la necesidad de contar buenas historias.<\/p>\n\n\n\n<p><strong>&#8211; Hasta hace unos a\u00f1os ten\u00edamos pocos directores argentinos pero mucho p\u00fablico que eleg\u00eda el cine argentino en las salas. Ahora hay muchos directores, pero poco p\u00fablico \u00bfqu\u00e9 pas\u00f3?<\/strong><\/p>\n\n\n\n<p><strong>&#8211; Tal vez a partir del celular, las plataformas, la tele se modificaron las costumbres. La pandemia adem\u00e1s gener\u00f3 el h\u00e1bito de quedarse en casa viendo una pel\u00edcula.<\/strong>&nbsp;Sin embargo, es una programaci\u00f3n programada para el espectador por otros. En cambio, uno en el cine sigue siendo el propio programador. Voy los s\u00e1bados y las salas est\u00e1n llenas. El cine sigue siendo el punto m\u00e1s alto para ver una obra. Todo lo dem\u00e1s es inferior. Aunque la plataforma te mantiene la pel\u00edcula viva. En Netflix est\u00e1&nbsp;<em>Palermo Hollywood<\/em>&nbsp;y tiene veinte a\u00f1os esa pel\u00edcula.<\/p>\n\n\n\n<p><\/p>\n","protected":false},"excerpt":{"rendered":"<p>En su \u00faltimo trabajo dirige a un gran elenco integrado por Luciano C\u00e1ceres, Diego Cremonesi, Andrea Rinc\u00f3n, Guillermo Zapata, Alberto Ajaka, Leonor Manso, Mat\u00edas Desideiro y Daniel Fanego, entre otros.&hellip; <\/p>\n","protected":false},"author":4,"featured_media":143295,"comment_status":"closed","ping_status":"open","sticky":false,"template":"","format":"standard","meta":{"footnotes":""},"categories":[19],"tags":[],"class_list":["post-143260","post","type-post","status-publish","format-standard","has-post-thumbnail","hentry","category-espectaculos"],"_links":{"self":[{"href":"https:\/\/corrientesdetarde.com\/index.php\/wp-json\/wp\/v2\/posts\/143260","targetHints":{"allow":["GET"]}}],"collection":[{"href":"https:\/\/corrientesdetarde.com\/index.php\/wp-json\/wp\/v2\/posts"}],"about":[{"href":"https:\/\/corrientesdetarde.com\/index.php\/wp-json\/wp\/v2\/types\/post"}],"author":[{"embeddable":true,"href":"https:\/\/corrientesdetarde.com\/index.php\/wp-json\/wp\/v2\/users\/4"}],"replies":[{"embeddable":true,"href":"https:\/\/corrientesdetarde.com\/index.php\/wp-json\/wp\/v2\/comments?post=143260"}],"version-history":[{"count":1,"href":"https:\/\/corrientesdetarde.com\/index.php\/wp-json\/wp\/v2\/posts\/143260\/revisions"}],"predecessor-version":[{"id":143296,"href":"https:\/\/corrientesdetarde.com\/index.php\/wp-json\/wp\/v2\/posts\/143260\/revisions\/143296"}],"wp:featuredmedia":[{"embeddable":true,"href":"https:\/\/corrientesdetarde.com\/index.php\/wp-json\/wp\/v2\/media\/143295"}],"wp:attachment":[{"href":"https:\/\/corrientesdetarde.com\/index.php\/wp-json\/wp\/v2\/media?parent=143260"}],"wp:term":[{"taxonomy":"category","embeddable":true,"href":"https:\/\/corrientesdetarde.com\/index.php\/wp-json\/wp\/v2\/categories?post=143260"},{"taxonomy":"post_tag","embeddable":true,"href":"https:\/\/corrientesdetarde.com\/index.php\/wp-json\/wp\/v2\/tags?post=143260"}],"curies":[{"name":"wp","href":"https:\/\/api.w.org\/{rel}","templated":true}]}}