{"id":143263,"date":"2024-04-26T20:22:13","date_gmt":"2024-04-26T23:22:13","guid":{"rendered":"https:\/\/corrientesdetarde.com\/?p=143263"},"modified":"2024-04-26T20:22:25","modified_gmt":"2024-04-26T23:22:25","slug":"la-policia-de-berlin-desalojo-un-campamento-propalestino-en-jardin-del-parlamento","status":"publish","type":"post","link":"https:\/\/corrientesdetarde.com\/index.php\/internacionales\/la-policia-de-berlin-desalojo-un-campamento-propalestino-en-jardin-del-parlamento\/","title":{"rendered":"La polic\u00eda de Berl\u00edn desaloj\u00f3 un campamento propalestino en jard\u00edn del Parlamento"},"content":{"rendered":"\n<p>Los manifestantes fueron sacados violentamente.<\/p>\n\n\n\n<p>La polic\u00eda berlinesa comenz\u00f3 este viernes a desalojar un campamento propalestino instalado frente al Parlamento alem\u00e1n por activistas que exigen al gobierno que detenga las exportaciones de armas a Israel y ponga fin a lo que consideran criminalizaci\u00f3n del&nbsp;<strong>movimiento de solidaridad con Palestina<\/strong>.<\/p>\n\n\n\n<p><strong>La Polic\u00eda desmantel\u00f3 tiendas de campa\u00f1a, desaloj\u00f3 por la fuerza a los manifestantes y bloque\u00f3 los alrededores para impedir que llegaran otros.<\/strong><\/p>\n\n\n\n<p><strong>La acci\u00f3n sigui\u00f3 a enfrentamientos entre manifestantes y la polic\u00eda en\u00a0campus estadounidenses\u00a0y a un bloqueo en la universidad\u00a0Sciences Po de Par\u00eds,\u00a0<\/strong>parte de las protestas internacionales para censurar la campa\u00f1a militar de Israel en Gaza y el apoyo occidental a Israel.<\/p>\n\n\n\n<p><strong>La acampada berlinesa &#8220;Besetzung Gegen Besatzung&#8221; &#8211; &#8220;Ocupaci\u00f3n&nbsp;contra la ocupaci\u00f3n&#8221;- comenz\u00f3 el 8 de abril,&nbsp;<\/strong>coincidiendo con el&nbsp;inicio de las audiencias de la Corte Internacional de Justicia en&nbsp;el caso de Nicaragua contra Alemania por proporcionar ayuda&nbsp;militar a Israel.<\/p>\n\n\n\n<p><strong>&#8220;La idea era llamar la atenci\u00f3n sobre ello y&#8230; sobre la&nbsp;complicidad alemana y su apoyo activo al genocidio israel\u00ed en&nbsp;Gaza&#8221;,&nbsp;<\/strong>declar\u00f3 a la agencia de noticias Reuters la organizadora del campamento, Jara&nbsp;Nassar.<\/p>\n\n\n\n<p><strong>Nassar y una docena de manifestantes se sentaron en el suelo,&nbsp;coreando esl\u00f3ganes y canciones propalestinas mientras que la Polic\u00eda,&nbsp;<\/strong>con altavoces, les ped\u00eda que se marcharan.<\/p>\n\n\n\n<p><strong>&#8220;Miramos lo que est\u00e1 ocurriendo en Estados Unidos&#8230; con&nbsp;admiraci\u00f3n. No hay raz\u00f3n para creer que debamos detenernos ahora&#8221;,&nbsp;<\/strong>reflexion\u00f3 Udi Raz, estudiante de doctorado en la Universidad Libre de&nbsp;Berl\u00edn y miembro de la asociaci\u00f3n Voz Jud\u00eda.<\/p>\n\n\n\n<p><strong>Raz, que llevaba una kip\u00e1 jud\u00eda con los colores de la bandera&nbsp;palestina y sosten\u00eda su tel\u00e9fono en una retransmisi\u00f3n en directo&nbsp;<\/strong>por las redes sociales del desalojo, dijo que activistas jud\u00edos se&nbsp;hab\u00edan unido al campamento y hab\u00edan celebrado all\u00ed esta semana una&nbsp;cena de Pascua a la luz de las velas.<\/p>\n\n\n\n<p>La Polic\u00eda inform\u00f3 que la orden de prohibici\u00f3n del campamento, cuya&nbsp;autorizaci\u00f3n se hab\u00eda concedido al inicio de la protesta, se deb\u00eda&nbsp;a las&nbsp;<strong>reiteradas infracciones cometidas por algunos manifestantes,&nbsp;entre ellas el uso de s\u00edmbolos anticonstitucionales y lemas&nbsp;prohibidos.<\/strong><\/p>\n\n\n\n<p><strong>&#8220;La protecci\u00f3n de las concentraciones no puede garantizarse en&nbsp;este momento porque la seguridad y el orden p\u00fablicos corren un&nbsp;riesgo considerable&#8221;,&nbsp;<\/strong>declar\u00f3 la portavoz de la Polic\u00eda, Anja&nbsp;Dierschkesa, quien a\u00f1adi\u00f3 que, en virtud de la normativa local,&nbsp;las tiendas de campa\u00f1a deb\u00edan trasladarse a diario para mantener&nbsp;el c\u00e9sped. &nbsp; &nbsp;&nbsp;<\/p>\n","protected":false},"excerpt":{"rendered":"<p>Los manifestantes fueron sacados violentamente. La polic\u00eda berlinesa comenz\u00f3 este viernes a desalojar un campamento propalestino instalado frente al Parlamento alem\u00e1n por activistas que exigen al gobierno que detenga las&hellip; <\/p>\n","protected":false},"author":4,"featured_media":143267,"comment_status":"closed","ping_status":"open","sticky":false,"template":"","format":"standard","meta":{"footnotes":""},"categories":[11],"tags":[],"class_list":["post-143263","post","type-post","status-publish","format-standard","has-post-thumbnail","hentry","category-internacionales"],"_links":{"self":[{"href":"https:\/\/corrientesdetarde.com\/index.php\/wp-json\/wp\/v2\/posts\/143263","targetHints":{"allow":["GET"]}}],"collection":[{"href":"https:\/\/corrientesdetarde.com\/index.php\/wp-json\/wp\/v2\/posts"}],"about":[{"href":"https:\/\/corrientesdetarde.com\/index.php\/wp-json\/wp\/v2\/types\/post"}],"author":[{"embeddable":true,"href":"https:\/\/corrientesdetarde.com\/index.php\/wp-json\/wp\/v2\/users\/4"}],"replies":[{"embeddable":true,"href":"https:\/\/corrientesdetarde.com\/index.php\/wp-json\/wp\/v2\/comments?post=143263"}],"version-history":[{"count":1,"href":"https:\/\/corrientesdetarde.com\/index.php\/wp-json\/wp\/v2\/posts\/143263\/revisions"}],"predecessor-version":[{"id":143268,"href":"https:\/\/corrientesdetarde.com\/index.php\/wp-json\/wp\/v2\/posts\/143263\/revisions\/143268"}],"wp:featuredmedia":[{"embeddable":true,"href":"https:\/\/corrientesdetarde.com\/index.php\/wp-json\/wp\/v2\/media\/143267"}],"wp:attachment":[{"href":"https:\/\/corrientesdetarde.com\/index.php\/wp-json\/wp\/v2\/media?parent=143263"}],"wp:term":[{"taxonomy":"category","embeddable":true,"href":"https:\/\/corrientesdetarde.com\/index.php\/wp-json\/wp\/v2\/categories?post=143263"},{"taxonomy":"post_tag","embeddable":true,"href":"https:\/\/corrientesdetarde.com\/index.php\/wp-json\/wp\/v2\/tags?post=143263"}],"curies":[{"name":"wp","href":"https:\/\/api.w.org\/{rel}","templated":true}]}}