{"id":143269,"date":"2024-04-26T20:42:04","date_gmt":"2024-04-26T23:42:04","guid":{"rendered":"https:\/\/corrientesdetarde.com\/?p=143269"},"modified":"2024-04-26T20:42:08","modified_gmt":"2024-04-26T23:42:08","slug":"erdogan-manifesto-su-apoyo-al-movimiento-hamas","status":"publish","type":"post","link":"https:\/\/corrientesdetarde.com\/index.php\/internacionales\/erdogan-manifesto-su-apoyo-al-movimiento-hamas\/","title":{"rendered":"Erdogan manifest\u00f3 su apoyo al movimiento Ham\u00e1s"},"content":{"rendered":"\n<p>El 20 de abril, Erdogan y Haniya se reunieron en Estambul.<\/p>\n\n\n\n<p><strong>El presidente de Turqu\u00eda, Recep Tayyip Erdogan<\/strong>, declar\u00f3 que en la \u00faltima reuni\u00f3n con el jefe de la oficina pol\u00edtica del movimiento palestino Ham\u00e1s, Ismail Haniya, le expres\u00f3 el pleno apoyo de Ankara.<\/p>\n\n\n\n<p><strong>El 20 de abril, Erdogan y Haniya se reunieron en Estambul&nbsp;<\/strong>para debatir la situaci\u00f3n en la Franja de Gaza, en particular, las medidas necesarias para la entrega de ayuda humanitaria y el cese del fuego en el enclave palestino.<\/p>\n\n\n\n<p><strong>&#8220;Le manifest\u00e9 nuestro apoyo en su lucha de liberaci\u00f3n. Seguiremos considerando a nuestros hermanos y hermanas de Ham\u00e1s, que defienden su patria de los invasores,&nbsp;<\/strong>como la Guardia Nacional Palestina&#8221;, revel\u00f3 el l\u00edder turco.<\/p>\n\n\n\n<p>Asimismo, se\u00f1al\u00f3 que&nbsp;<strong>Turqu\u00eda no puede llamar terroristas a Ham\u00e1s y a sus combatientes<\/strong>, seg\u00fan una publicaci\u00f3n del sitio Sputnik News.<\/p>\n\n\n\n<p><strong>&#8220;No podemos estar entre los que consideran a Ham\u00e1s como una organizaci\u00f3n terrorista solo porque Occidente as\u00ed lo quiere.&nbsp;<\/strong>No podemos llamar terroristas a los combatientes de la resistencia palestina&#8221;, enfatiz\u00f3 Erdogan.<\/p>\n","protected":false},"excerpt":{"rendered":"<p>El 20 de abril, Erdogan y Haniya se reunieron en Estambul. El presidente de Turqu\u00eda, Recep Tayyip Erdogan, declar\u00f3 que en la \u00faltima reuni\u00f3n con el jefe de la oficina&hellip; <\/p>\n","protected":false},"author":4,"featured_media":143270,"comment_status":"closed","ping_status":"open","sticky":false,"template":"","format":"standard","meta":{"footnotes":""},"categories":[11],"tags":[],"class_list":["post-143269","post","type-post","status-publish","format-standard","has-post-thumbnail","hentry","category-internacionales"],"_links":{"self":[{"href":"https:\/\/corrientesdetarde.com\/index.php\/wp-json\/wp\/v2\/posts\/143269","targetHints":{"allow":["GET"]}}],"collection":[{"href":"https:\/\/corrientesdetarde.com\/index.php\/wp-json\/wp\/v2\/posts"}],"about":[{"href":"https:\/\/corrientesdetarde.com\/index.php\/wp-json\/wp\/v2\/types\/post"}],"author":[{"embeddable":true,"href":"https:\/\/corrientesdetarde.com\/index.php\/wp-json\/wp\/v2\/users\/4"}],"replies":[{"embeddable":true,"href":"https:\/\/corrientesdetarde.com\/index.php\/wp-json\/wp\/v2\/comments?post=143269"}],"version-history":[{"count":1,"href":"https:\/\/corrientesdetarde.com\/index.php\/wp-json\/wp\/v2\/posts\/143269\/revisions"}],"predecessor-version":[{"id":143271,"href":"https:\/\/corrientesdetarde.com\/index.php\/wp-json\/wp\/v2\/posts\/143269\/revisions\/143271"}],"wp:featuredmedia":[{"embeddable":true,"href":"https:\/\/corrientesdetarde.com\/index.php\/wp-json\/wp\/v2\/media\/143270"}],"wp:attachment":[{"href":"https:\/\/corrientesdetarde.com\/index.php\/wp-json\/wp\/v2\/media?parent=143269"}],"wp:term":[{"taxonomy":"category","embeddable":true,"href":"https:\/\/corrientesdetarde.com\/index.php\/wp-json\/wp\/v2\/categories?post=143269"},{"taxonomy":"post_tag","embeddable":true,"href":"https:\/\/corrientesdetarde.com\/index.php\/wp-json\/wp\/v2\/tags?post=143269"}],"curies":[{"name":"wp","href":"https:\/\/api.w.org\/{rel}","templated":true}]}}