{"id":14327,"date":"2022-10-25T11:55:19","date_gmt":"2022-10-25T14:55:19","guid":{"rendered":"https:\/\/corrientesdetarde.com\/?p=14327"},"modified":"2022-10-25T11:55:24","modified_gmt":"2022-10-25T14:55:24","slug":"quiero-poner-fin-a-la-polio","status":"publish","type":"post","link":"https:\/\/corrientesdetarde.com\/index.php\/sociales\/quiero-poner-fin-a-la-polio\/","title":{"rendered":"\u201cQUIERO PONER FIN A LA POLIO\u201d"},"content":{"rendered":"\n<p>La Legislatura fue sede de la campa\u00f1a contra la Poliomielitis<\/p>\n\n\n\n<p>En el marco de la conmemoraci\u00f3n por el D\u00eda Mundial Contra la Poliomielitis, en la noche del lunes se realiz\u00f3 el acto de lanzamiento de la campa\u00f1a mundial \u201cPong\u00e1mosle fin a la Polio ahora\u201d. El vicegobernador, Pedro Braillard Poccard, dio inicio a las actividades impulsadas en conjunto con el Rotary Club R\u00edo Paran\u00e1 destinadas a la toma de conciencia en la lucha por erradicar esta enfermedad infecciosa.<br>En la oportunidad, la Legislatura abri\u00f3 sus puertas para disfrutar de un concierto para colaborar con la lucha por erradicar la Poliomielitis. Cont\u00f3 con la presentaci\u00f3n de los cantantes Francisco Malvido y Osvaldo Burgos y la participaci\u00f3n de la Coral Corrientes. Al mismo tiempo estuvieron disponibles alcanc\u00edas colaborar con la compra de vacunas.<br>\u201cEs el cuarto a\u00f1o que se realiza este evento en concierto, acerc\u00e1ndonos a la cultura, a la m\u00fasica\u201d expres\u00f3 el tesorero de Rotary Club R\u00edo Paran\u00e1, Ezequiel Benitez Blugerman. \u201cSeguimos trabajando con una campa\u00f1a de recaudaci\u00f3n y concientizaci\u00f3n de esta enfermedad, adhiriendo a la campa\u00f1a provincial de vacunaci\u00f3n que se est\u00e1 haciendo contra la polio y el sarampi\u00f3n\u201d explic\u00f3. Y agradeci\u00f3 por el espacio brindado por la Vicegobernaci\u00f3n para llevar adelante este evento.<br>Al hacer uso de la palabra, el Vicegobernador manifest\u00f3 \u201cme siento orgulloso como funcionario y rotario que soy, este es uno de los programas de salud en el mundo m\u00e1s exitosos llevados adelante por una organizaci\u00f3n no gubernamental\u201d.<br>\u201cSirvi\u00f3 como la herramienta m\u00e1s eficiente de erradicaci\u00f3n de esta enfermedad\u201d sostuvo y agreg\u00f3 \u201ca\u00f1os atr\u00e1s la vacunaci\u00f3n era tema central porque hab\u00eda muchos casos y un enorme desaf\u00edo llegar a la mayor cantidad de chicos, y con el paso del tiempo se ha erradicado esta enfermedad en el mundo\u201d.<br>\u201cEs un honor que la Legislatura sea sede para hacer esta difusi\u00f3n y hacer un llamado a la sociedad, no s\u00f3lo para recaudar fondos sino por el mensaje, para no bajar la guardia y hacer todo el esfuerzo para incentivar la vacunaci\u00f3n\u201d finaliz\u00f3.<br>La Poliomielitis es producida por un virus que ataca la m\u00e9dula espinal y provoca atrofia muscular y par\u00e1lisis. Debido a las fuertes campa\u00f1as de vacunaci\u00f3n, los casos y contagios se redujeron en un 99,9% en todo el mundo y en s\u00f3lo dos pa\u00edses (Afganist\u00e1n y Pakist\u00e1n) se detectan casos en la actualidad; de todos modos, no hay que descuidar los controles y mantener los esfuerzos para que la enfermedad no avance nuevamente.<\/p>\n\n\n\n<figure class=\"wp-block-embed is-type-video is-provider-youtube wp-block-embed-youtube wp-embed-aspect-16-9 wp-has-aspect-ratio\"><div class=\"wp-block-embed__wrapper\">\n<iframe loading=\"lazy\" title=\"Quiero Poner Fin a la Polio &quot;En Concierto&quot;\" width=\"1110\" height=\"624\" src=\"https:\/\/www.youtube.com\/embed\/vmt2UlIQ0uI?feature=oembed\" frameborder=\"0\" allow=\"accelerometer; autoplay; clipboard-write; encrypted-media; gyroscope; picture-in-picture\" allowfullscreen><\/iframe>\n<\/div><\/figure>\n","protected":false},"excerpt":{"rendered":"<p>La Legislatura fue sede de la campa\u00f1a contra la Poliomielitis En el marco de la conmemoraci\u00f3n por el D\u00eda Mundial Contra la Poliomielitis, en la noche del lunes se realiz\u00f3&hellip; <\/p>\n","protected":false},"author":1,"featured_media":14330,"comment_status":"closed","ping_status":"open","sticky":false,"template":"","format":"standard","meta":{"footnotes":""},"categories":[17],"tags":[],"class_list":["post-14327","post","type-post","status-publish","format-standard","has-post-thumbnail","hentry","category-sociales"],"_links":{"self":[{"href":"https:\/\/corrientesdetarde.com\/index.php\/wp-json\/wp\/v2\/posts\/14327","targetHints":{"allow":["GET"]}}],"collection":[{"href":"https:\/\/corrientesdetarde.com\/index.php\/wp-json\/wp\/v2\/posts"}],"about":[{"href":"https:\/\/corrientesdetarde.com\/index.php\/wp-json\/wp\/v2\/types\/post"}],"author":[{"embeddable":true,"href":"https:\/\/corrientesdetarde.com\/index.php\/wp-json\/wp\/v2\/users\/1"}],"replies":[{"embeddable":true,"href":"https:\/\/corrientesdetarde.com\/index.php\/wp-json\/wp\/v2\/comments?post=14327"}],"version-history":[{"count":1,"href":"https:\/\/corrientesdetarde.com\/index.php\/wp-json\/wp\/v2\/posts\/14327\/revisions"}],"predecessor-version":[{"id":14331,"href":"https:\/\/corrientesdetarde.com\/index.php\/wp-json\/wp\/v2\/posts\/14327\/revisions\/14331"}],"wp:featuredmedia":[{"embeddable":true,"href":"https:\/\/corrientesdetarde.com\/index.php\/wp-json\/wp\/v2\/media\/14330"}],"wp:attachment":[{"href":"https:\/\/corrientesdetarde.com\/index.php\/wp-json\/wp\/v2\/media?parent=14327"}],"wp:term":[{"taxonomy":"category","embeddable":true,"href":"https:\/\/corrientesdetarde.com\/index.php\/wp-json\/wp\/v2\/categories?post=14327"},{"taxonomy":"post_tag","embeddable":true,"href":"https:\/\/corrientesdetarde.com\/index.php\/wp-json\/wp\/v2\/tags?post=14327"}],"curies":[{"name":"wp","href":"https:\/\/api.w.org\/{rel}","templated":true}]}}