{"id":143302,"date":"2024-04-26T23:12:26","date_gmt":"2024-04-27T02:12:26","guid":{"rendered":"https:\/\/corrientesdetarde.com\/?p=143302"},"modified":"2024-04-26T23:12:38","modified_gmt":"2024-04-27T02:12:38","slug":"mondino-y-el-equipo-economico-viajan-a-china-para-bajar-la-tension-politica-y-negociar-los-swap","status":"publish","type":"post","link":"https:\/\/corrientesdetarde.com\/index.php\/economia\/mondino-y-el-equipo-economico-viajan-a-china-para-bajar-la-tension-politica-y-negociar-los-swap\/","title":{"rendered":"Mondino y el equipo econ\u00f3mico viajan a China para bajar la tensi\u00f3n pol\u00edtica y negociar los swap"},"content":{"rendered":"\n<p>Acompa\u00f1an a la canciller el titular del Banco Central, Santiago Bausili, y el secretario de Finanzas, Pablo Quirno, para la cuestion\u00f3 econ\u00f3mica con las swap. Adem\u00e1s viaja una delegaci\u00f3n de empresarios de distintas \u00e1reas con la idea de atraer inversiones en el gigante asi\u00e1tico.<\/p>\n\n\n\n<figure class=\"wp-block-image\"><img decoding=\"async\" src=\"https:\/\/telefe-static2.akamaized.net\/media\/534508\/mondino-china.jpg?v=20240426195914000&amp;format=extraLarge&amp;width=929&amp;height=523&amp;mode=crop\" alt=\"e-card\"\/><\/figure>\n\n\n\n<p>La canciller&nbsp;<strong>Diana Mondino y el equipo econ\u00f3mico de Javier Milei emprendi\u00f3 hoy un viaje a China con el objetivo de bajar la tensi\u00f3n pol\u00edtica<\/strong>&nbsp;y buscar una ampliaci\u00f3n de swaps, el anuncio de inversiones en litio y una nueva l\u00ednea de cr\u00e9ditos para obra p\u00fablica paralizada en el pa\u00eds.<\/p>\n\n\n\n<p>La ministra de Relaciones Exteriores emprendi\u00f3 su viaje este jueves y por la extensi\u00f3n del mismo, su agenda oficial reci\u00e9n comenzar\u00e1 el domingo, y se dividir\u00e1 entre Shangai y Beijing.<\/p>\n\n\n\n<p>Tambi\u00e9n son de la partida el titular del Banco Central, Santiago Bausili, y el secretario de Finanzas, Pablo Quirno, para la cuestion\u00f3 econ\u00f3mica con las swap.<\/p>\n\n\n\n<p>Mondino tambi\u00e9n estar\u00e1 acompa\u00f1ada por&nbsp;<strong>una delegaci\u00f3n de empresarios de distintas \u00e1reas con la idea de atraer inversiones en el gigante asi\u00e1tico<\/strong>.&nbsp;La canciller antes de partir de China se encontr\u00f3 en el aeropuerto internacional de Ezeiza con el embajador asignado al pa\u00eds, Wang Wei.<\/p>\n\n\n\n<p>Uno de los puntos centrales del viaje es acercar posturas con la Rep\u00fablica Popular de China en plena escalada de tensi\u00f3n tras las fuertes adjetivaciones del presidente Javier Milei contra su par Xi Jinping.<\/p>\n\n\n\n<p>La visita se dar\u00e1 luego de que la administraci\u00f3n libertaria hiciera la inspecci\u00f3n t\u00e9cnica a la base espacial china instalada en Bajada del Agrio, en la provincia de Neuqu\u00e9n.<\/p>\n\n\n\n<p>El viaje de Mondino tambi\u00e9n la llevar\u00e1 a la reuni\u00f3n del Consejo de Ministros de la Organizaci\u00f3n para la Cooperaci\u00f3n y Desarrollo Econ\u00f3mico (OCDE), que se realizar\u00e1 en Paris el 2 y 3 de mayo.<\/p>\n\n\n\n<p>En esta reuni\u00f3n se prev\u00e9 el anuncio de la aprobaci\u00f3n de la Hoja de Ruta que marcar\u00e1 el inicio oficial del proceso de accesi\u00f3n de la Rep\u00fablica Argentina a la OCDE.<\/p>\n\n\n\n<p>Luego, en su visita a Bruselas, capital de B\u00e9lgica, la Ministro ser\u00e1 recibida entre el 5 y el 6 de mayo por autoridades de la Uni\u00f3n Europea, tales como la Comisario de Energ\u00eda, Kadri Simson, y la Comisario de Asociaciones Internacionales, Jutta Urpilainen, entre otras.<\/p>\n\n\n\n<p>Al final de su gira, la jefa de la diplomacia argentina estar\u00e1 el 7 de mayo en Lisboa, donde se reunir\u00e1 con su par, el Ministro de Asuntos Exteriores de la Rep\u00fablica Portuguesa, Paulo Rangel, y ser\u00e1 recibida por el Presidente, Marcelo Rebelo de Sousa; y por el Primer Ministro, Luis Montenegro.<\/p>\n","protected":false},"excerpt":{"rendered":"<p>Acompa\u00f1an a la canciller el titular del Banco Central, Santiago Bausili, y el secretario de Finanzas, Pablo Quirno, para la cuestion\u00f3 econ\u00f3mica con las swap. Adem\u00e1s viaja una delegaci\u00f3n de&hellip; <\/p>\n","protected":false},"author":4,"featured_media":143303,"comment_status":"closed","ping_status":"open","sticky":false,"template":"","format":"standard","meta":{"footnotes":""},"categories":[20],"tags":[],"class_list":["post-143302","post","type-post","status-publish","format-standard","has-post-thumbnail","hentry","category-economia"],"_links":{"self":[{"href":"https:\/\/corrientesdetarde.com\/index.php\/wp-json\/wp\/v2\/posts\/143302","targetHints":{"allow":["GET"]}}],"collection":[{"href":"https:\/\/corrientesdetarde.com\/index.php\/wp-json\/wp\/v2\/posts"}],"about":[{"href":"https:\/\/corrientesdetarde.com\/index.php\/wp-json\/wp\/v2\/types\/post"}],"author":[{"embeddable":true,"href":"https:\/\/corrientesdetarde.com\/index.php\/wp-json\/wp\/v2\/users\/4"}],"replies":[{"embeddable":true,"href":"https:\/\/corrientesdetarde.com\/index.php\/wp-json\/wp\/v2\/comments?post=143302"}],"version-history":[{"count":1,"href":"https:\/\/corrientesdetarde.com\/index.php\/wp-json\/wp\/v2\/posts\/143302\/revisions"}],"predecessor-version":[{"id":143304,"href":"https:\/\/corrientesdetarde.com\/index.php\/wp-json\/wp\/v2\/posts\/143302\/revisions\/143304"}],"wp:featuredmedia":[{"embeddable":true,"href":"https:\/\/corrientesdetarde.com\/index.php\/wp-json\/wp\/v2\/media\/143303"}],"wp:attachment":[{"href":"https:\/\/corrientesdetarde.com\/index.php\/wp-json\/wp\/v2\/media?parent=143302"}],"wp:term":[{"taxonomy":"category","embeddable":true,"href":"https:\/\/corrientesdetarde.com\/index.php\/wp-json\/wp\/v2\/categories?post=143302"},{"taxonomy":"post_tag","embeddable":true,"href":"https:\/\/corrientesdetarde.com\/index.php\/wp-json\/wp\/v2\/tags?post=143302"}],"curies":[{"name":"wp","href":"https:\/\/api.w.org\/{rel}","templated":true}]}}