{"id":143315,"date":"2024-04-26T23:57:34","date_gmt":"2024-04-27T02:57:34","guid":{"rendered":"https:\/\/corrientesdetarde.com\/?p=143315"},"modified":"2024-04-26T23:57:46","modified_gmt":"2024-04-27T02:57:46","slug":"165-profesionales-adjudicaron-para-especializarse-en-hospitales-de-corrientes","status":"publish","type":"post","link":"https:\/\/corrientesdetarde.com\/index.php\/actualidad\/165-profesionales-adjudicaron-para-especializarse-en-hospitales-de-corrientes\/","title":{"rendered":"165 profesionales adjudicaron para especializarse en hospitales de Corrientes"},"content":{"rendered":"\n<p><em>Son m\u00e1s de 550 residentes los que se encuentran en formaci\u00f3n actualmente. Comprende a todas las especialidades de Medicina, Enfermer\u00eda, Kinesiolog\u00eda, Epidemiolog\u00eda, y Salud Mental entre otras, que se desarrollan en los hospitales formadores de residencias. El Ministro Ricardo Cardozo, destac\u00f3: \u201cSi miramos a otras provincias, es muy importante el n\u00famero de ingresantes que ha optado por realizar su especialidad en nuestros hospitales, cubriendo el 100 por ciento en alguna de ellas\u201d.<\/em><\/p>\n\n\n\n<p>El Ministerio de Salud P\u00fablica de la Provincia cuenta con un s\u00f3lido Sistema de Formaci\u00f3n de Residentes, para el cual este a\u00f1o adjudicaron 165 profesionales, destac\u00e1ndose de esta manera por el aumento escalonado que se da en los \u00faltimos tiempos. El a\u00f1o pasado en esta instancia adjudicaron 105 profesionales, y vale mencionar que para este a\u00f1o se espera a\u00fan una readjudicaci\u00f3n.<\/p>\n\n\n\n<p>El ministro de Salud P\u00fablica,&nbsp;Ricardo Cardozo, destac\u00f3: \u201cSi miramos a otras provincias, es muy importante el n\u00famero de ingresantes que ha optado por realizar su especialidad en nuestros hospitales, cubriendo el 100 por ciento en alguna de ellas\u201d. En este sentido detall\u00f3 que \u201cpor ejemplo en el caso de en todas las maternidades Obst\u00e9tricas, Cl\u00ednica M\u00e9dica y Cirug\u00eda el total de las plazas ofrecidas\u201d.<\/p>\n\n\n\n<p>En la provincia de Chaco, adjudicaron en esta instancia aproximadamente 120 profesionales.<\/p>\n\n\n\n<p>En Corrientes, el Sistema de Residencias tiene una amplia estructura con 24 sedes de residencias, es decir servicios formadores en hospitales de Capital y del interior: Goya, Mercedes, Paso de los Libres, Santo Tom\u00e9, Gobernador Virasoro, Ituzaing\u00f3, Ca\u00e1 Cat\u00ed, Riachuelo, Empedrado, Saladas, Bella Vista, Monte Caseros y Curuz\u00fa Cuati\u00e1.<\/p>\n\n\n\n<p>Cuenta con un equipo docente de 124 instructores y 84 jefes de residentes, lo que garantiza el acompa\u00f1amiento acad\u00e9mico de los mismos, ya que se trata de un sistema de formaci\u00f3n en servicio. Recientemente, fueron adjudicados 165 ingresantes, con los cuales son m\u00e1s de 550 los residentes en formaci\u00f3n.<\/p>\n\n\n\n<p>Estos residentes se encuentran form\u00e1ndose en especialidades: M\u00e9dicas, Enfermer\u00eda, Kinesiolog\u00eda, Bioqu\u00edmica, Obstetricia, y las especialidades interdisciplinarias como Salud Mental y Epidemiologia donde se incorporan profesiones como Psicolog\u00eda, Trabajo Social, Veterinaria y Nutrici\u00f3n. Tambi\u00e9n de Bioqu\u00edmica, Inmunolog\u00eda, Oncolog\u00eda Cl\u00ednica, y Enfermer\u00eda en Control de Infecciones.<\/p>\n\n\n\n<p>La directora de Formaci\u00f3n de Profesionales de la Salud,&nbsp;Nora Ropelato, destac\u00f3 que \u201cel fortalecimiento del sistema de residencias es una pol\u00edtica sanitaria del Ministro Ricardo Cardozo, que tiene como objetivo una \u00f3ptima formaci\u00f3n de los profesionales. Este a\u00f1o es muy importante el n\u00famero de ingresantes que ha optado por realizar su especialidad en Corrientes, cubriendo en determinadas especialidades todas las plazas ya en esta primera instancia\u201d.<\/p>\n\n\n\n<p>\u201cAdjudicaron 165 profesionales; 60 m\u00e9dicos, 30 obst\u00e9tricas, 56 enfermeros, y 19 para residencias multidisciplinarias de Epidemiologia y de Salud Mental\u201d, precis\u00f3 Ropelato.<\/p>\n\n\n\n<p>Agreg\u00f3 que \u201cla pr\u00f3xima semana, del 29 de abril al 15 de mayo, ser\u00e1 la inscripci\u00f3n para el examen \u00fanico para las plazas nacionales en las cuales tambi\u00e9n tenemos lugares que ofrecer y se vuelven a publicar las provinciales que quedaron vacantes\u201d<\/p>\n\n\n\n<p>Para finalizar destac\u00f3 que \u201cse ocuparon todas las plazas de Obst\u00e9tricas en el interior y adjudicaron para todas las maternidades de la provincia: hospitales de capital; Llano y Neonatal, de Saladas, Bella Vista, Esquina, Mercedes, Curuz\u00fa Cuati\u00e1, Monte Caseros, Paso de los Libres, Virasoro, Ituzaing\u00f3, Santo Tom\u00e9, es decir en cada regi\u00f3n sanitaria, se cubrieron todas las plazas\u201d.<\/p>\n","protected":false},"excerpt":{"rendered":"<p>Son m\u00e1s de 550 residentes los que se encuentran en formaci\u00f3n actualmente. Comprende a todas las especialidades de Medicina, Enfermer\u00eda, Kinesiolog\u00eda, Epidemiolog\u00eda, y Salud Mental entre otras, que se desarrollan&hellip; <\/p>\n","protected":false},"author":4,"featured_media":143316,"comment_status":"closed","ping_status":"open","sticky":false,"template":"","format":"standard","meta":{"footnotes":""},"categories":[23],"tags":[],"class_list":["post-143315","post","type-post","status-publish","format-standard","has-post-thumbnail","hentry","category-actualidad"],"_links":{"self":[{"href":"https:\/\/corrientesdetarde.com\/index.php\/wp-json\/wp\/v2\/posts\/143315","targetHints":{"allow":["GET"]}}],"collection":[{"href":"https:\/\/corrientesdetarde.com\/index.php\/wp-json\/wp\/v2\/posts"}],"about":[{"href":"https:\/\/corrientesdetarde.com\/index.php\/wp-json\/wp\/v2\/types\/post"}],"author":[{"embeddable":true,"href":"https:\/\/corrientesdetarde.com\/index.php\/wp-json\/wp\/v2\/users\/4"}],"replies":[{"embeddable":true,"href":"https:\/\/corrientesdetarde.com\/index.php\/wp-json\/wp\/v2\/comments?post=143315"}],"version-history":[{"count":1,"href":"https:\/\/corrientesdetarde.com\/index.php\/wp-json\/wp\/v2\/posts\/143315\/revisions"}],"predecessor-version":[{"id":143317,"href":"https:\/\/corrientesdetarde.com\/index.php\/wp-json\/wp\/v2\/posts\/143315\/revisions\/143317"}],"wp:featuredmedia":[{"embeddable":true,"href":"https:\/\/corrientesdetarde.com\/index.php\/wp-json\/wp\/v2\/media\/143316"}],"wp:attachment":[{"href":"https:\/\/corrientesdetarde.com\/index.php\/wp-json\/wp\/v2\/media?parent=143315"}],"wp:term":[{"taxonomy":"category","embeddable":true,"href":"https:\/\/corrientesdetarde.com\/index.php\/wp-json\/wp\/v2\/categories?post=143315"},{"taxonomy":"post_tag","embeddable":true,"href":"https:\/\/corrientesdetarde.com\/index.php\/wp-json\/wp\/v2\/tags?post=143315"}],"curies":[{"name":"wp","href":"https:\/\/api.w.org\/{rel}","templated":true}]}}