{"id":14332,"date":"2022-10-25T12:10:18","date_gmt":"2022-10-25T15:10:18","guid":{"rendered":"https:\/\/corrientesdetarde.com\/?p=14332"},"modified":"2022-10-25T12:10:21","modified_gmt":"2022-10-25T15:10:21","slug":"detuvieron-a-un-comisario-de-la-policia-de-corrientes-sospechado-de-participar-de-un-asalto-por-ruta-12","status":"publish","type":"post","link":"https:\/\/corrientesdetarde.com\/index.php\/crimen-y-justicia\/detuvieron-a-un-comisario-de-la-policia-de-corrientes-sospechado-de-participar-de-un-asalto-por-ruta-12\/","title":{"rendered":"Detuvieron a un comisario de la Polic\u00eda de Corrientes sospechado de participar de un asalto por Ruta 12"},"content":{"rendered":"\n<p>Detuvieron a un polic\u00eda bajo sospechas de participar en un asalto cometido en el departamento de Empedrado. Aquel hecho se produjo en el mes de agosto cuando una banda de delincuentes simul\u00f3 un operativo de control policial en Ruta 12, a la altura de Derqui.<\/p>\n\n\n\n<p>De esa forma interceptaron a los dos ocupantes de una camioneta a quienes amenazaron con armas, colocaron precintos y robaron una suma millonaria de dinero en pesos.<\/p>\n\n\n\n<p><br>Se trata de un comisario a quien en las \u00faltimas horas notificaron su situaci\u00f3n legal y quedar\u00e1 a disposici\u00f3n del Juzgado de Instrucci\u00f3n y Correccional de la ciudad de Saladas.<\/p>\n","protected":false},"excerpt":{"rendered":"<p>Detuvieron a un polic\u00eda bajo sospechas de participar en un asalto cometido en el departamento de Empedrado. Aquel hecho se produjo en el mes de agosto cuando una banda de&hellip; <\/p>\n","protected":false},"author":4,"featured_media":14333,"comment_status":"closed","ping_status":"open","sticky":false,"template":"","format":"standard","meta":{"footnotes":""},"categories":[5],"tags":[],"class_list":["post-14332","post","type-post","status-publish","format-standard","has-post-thumbnail","hentry","category-crimen-y-justicia"],"_links":{"self":[{"href":"https:\/\/corrientesdetarde.com\/index.php\/wp-json\/wp\/v2\/posts\/14332","targetHints":{"allow":["GET"]}}],"collection":[{"href":"https:\/\/corrientesdetarde.com\/index.php\/wp-json\/wp\/v2\/posts"}],"about":[{"href":"https:\/\/corrientesdetarde.com\/index.php\/wp-json\/wp\/v2\/types\/post"}],"author":[{"embeddable":true,"href":"https:\/\/corrientesdetarde.com\/index.php\/wp-json\/wp\/v2\/users\/4"}],"replies":[{"embeddable":true,"href":"https:\/\/corrientesdetarde.com\/index.php\/wp-json\/wp\/v2\/comments?post=14332"}],"version-history":[{"count":1,"href":"https:\/\/corrientesdetarde.com\/index.php\/wp-json\/wp\/v2\/posts\/14332\/revisions"}],"predecessor-version":[{"id":14334,"href":"https:\/\/corrientesdetarde.com\/index.php\/wp-json\/wp\/v2\/posts\/14332\/revisions\/14334"}],"wp:featuredmedia":[{"embeddable":true,"href":"https:\/\/corrientesdetarde.com\/index.php\/wp-json\/wp\/v2\/media\/14333"}],"wp:attachment":[{"href":"https:\/\/corrientesdetarde.com\/index.php\/wp-json\/wp\/v2\/media?parent=14332"}],"wp:term":[{"taxonomy":"category","embeddable":true,"href":"https:\/\/corrientesdetarde.com\/index.php\/wp-json\/wp\/v2\/categories?post=14332"},{"taxonomy":"post_tag","embeddable":true,"href":"https:\/\/corrientesdetarde.com\/index.php\/wp-json\/wp\/v2\/tags?post=14332"}],"curies":[{"name":"wp","href":"https:\/\/api.w.org\/{rel}","templated":true}]}}