{"id":143321,"date":"2024-04-27T00:02:17","date_gmt":"2024-04-27T03:02:17","guid":{"rendered":"https:\/\/corrientesdetarde.com\/?p=143321"},"modified":"2024-04-27T00:02:29","modified_gmt":"2024-04-27T03:02:29","slug":"este-sabado-se-habilitara-la-inscripcion-para-la-vacunacion-contra-el-dengue","status":"publish","type":"post","link":"https:\/\/corrientesdetarde.com\/index.php\/sociales\/este-sabado-se-habilitara-la-inscripcion-para-la-vacunacion-contra-el-dengue\/","title":{"rendered":"Este s\u00e1bado se habilitar\u00e1 la inscripci\u00f3n para la vacunaci\u00f3n contra el Dengue"},"content":{"rendered":"\n<p>El Gobierno provincial comunic\u00f3 a trav\u00e9s de sus redes sociales que a partir de este s\u00e1bado 27 de abril se abrir\u00e1 una nueva inscripci\u00f3n para la inmunizaci\u00f3n contra el Dengue, en la p\u00e1gina&nbsp;<a href=\"https:\/\/4ue34.r.sp1-brevo.net\/mk\/cl\/f\/sh\/6rqJfgq8dINmNvd2HB7mP7OK8Ju\/_xeHzU5jssHS\" target=\"_blank\" rel=\"noreferrer noopener\">http:\/\/vacunaci\u00f3n.corrientes.gob.ar<\/a><\/p>\n\n\n\n<p>La misma estar\u00e1 disponible para personas de 20 a 40 a\u00f1os de las ciudades de Alvear, Ca\u00e1 Cat\u00ed, Goya, Itat\u00ed, Concepci\u00f3n, Empedrado, Esquina, Lavalle, Mburucuy\u00e1, Monte Caseros, Paso de los Libres, San Cosme, La Cruz, San Miguel, San Roque y Sauce.<\/p>\n","protected":false},"excerpt":{"rendered":"<p>El Gobierno provincial comunic\u00f3 a trav\u00e9s de sus redes sociales que a partir de este s\u00e1bado 27 de abril se abrir\u00e1 una nueva inscripci\u00f3n para la inmunizaci\u00f3n contra el Dengue,&hellip; <\/p>\n","protected":false},"author":4,"featured_media":143322,"comment_status":"closed","ping_status":"open","sticky":false,"template":"","format":"standard","meta":{"footnotes":""},"categories":[26,17],"tags":[],"class_list":["post-143321","post","type-post","status-publish","format-standard","has-post-thumbnail","hentry","category-destacados","category-sociales"],"_links":{"self":[{"href":"https:\/\/corrientesdetarde.com\/index.php\/wp-json\/wp\/v2\/posts\/143321","targetHints":{"allow":["GET"]}}],"collection":[{"href":"https:\/\/corrientesdetarde.com\/index.php\/wp-json\/wp\/v2\/posts"}],"about":[{"href":"https:\/\/corrientesdetarde.com\/index.php\/wp-json\/wp\/v2\/types\/post"}],"author":[{"embeddable":true,"href":"https:\/\/corrientesdetarde.com\/index.php\/wp-json\/wp\/v2\/users\/4"}],"replies":[{"embeddable":true,"href":"https:\/\/corrientesdetarde.com\/index.php\/wp-json\/wp\/v2\/comments?post=143321"}],"version-history":[{"count":1,"href":"https:\/\/corrientesdetarde.com\/index.php\/wp-json\/wp\/v2\/posts\/143321\/revisions"}],"predecessor-version":[{"id":143323,"href":"https:\/\/corrientesdetarde.com\/index.php\/wp-json\/wp\/v2\/posts\/143321\/revisions\/143323"}],"wp:featuredmedia":[{"embeddable":true,"href":"https:\/\/corrientesdetarde.com\/index.php\/wp-json\/wp\/v2\/media\/143322"}],"wp:attachment":[{"href":"https:\/\/corrientesdetarde.com\/index.php\/wp-json\/wp\/v2\/media?parent=143321"}],"wp:term":[{"taxonomy":"category","embeddable":true,"href":"https:\/\/corrientesdetarde.com\/index.php\/wp-json\/wp\/v2\/categories?post=143321"},{"taxonomy":"post_tag","embeddable":true,"href":"https:\/\/corrientesdetarde.com\/index.php\/wp-json\/wp\/v2\/tags?post=143321"}],"curies":[{"name":"wp","href":"https:\/\/api.w.org\/{rel}","templated":true}]}}