{"id":143324,"date":"2024-04-27T00:05:17","date_gmt":"2024-04-27T03:05:17","guid":{"rendered":"https:\/\/corrientesdetarde.com\/?p=143324"},"modified":"2024-04-27T00:05:28","modified_gmt":"2024-04-27T03:05:28","slug":"ucr-corrientes-la-juventud-radical-desconocio-la-fecha-de-internas-informada-por-el-comite-central","status":"publish","type":"post","link":"https:\/\/corrientesdetarde.com\/index.php\/politica\/ucr-corrientes-la-juventud-radical-desconocio-la-fecha-de-internas-informada-por-el-comite-central\/","title":{"rendered":"UCR-Corrientes: La Juventud Radical desconoci\u00f3 la fecha de internas informada por el Comit\u00e9 Central"},"content":{"rendered":"\n<p>La Juventud Radical de la UCR-Corrientes -a traves de su Mesa Directiva- dio a conocer un comunicado en el cu\u00e1l define la fecha de internas para el pr\u00f3ximo 27 de octubre. Esta determinaci\u00f3n contradice lo dispuesto por el Comit\u00e9 Central &#8211; a cargo de Ricardo Colombi- que hab\u00eda puesto como fecha de los comicios el domingo 8 de septiembre.<\/p>\n\n\n\n<p>La decisi\u00f3n de la Mesa Directiva de la Juventud Radical de la UCR desconoci\u00f3 hoy la fecha dada a conocer por el Comit\u00e9 Central -a cargo de Ricardo Colombi- dejando en evidencia las diferencias notorias que hoy comienzan a aparecer en el partido gobernante.<\/p>\n\n\n\n<p>El documento hecho p\u00fablico reza textualmente que &#8220;teniendo en cuenta el llamado a convocatoria a renovaci\u00f3n partidaria para mayores emitido el d\u00eda 25 de abril del presente a\u00f1o por el Comit\u00e9 Central de la UCR-Corrientes&#8230; Considerando, que lo establecido por el art\u00edculo 90 de la Carta Org\u00e1nica de la UCR-Corrientes que establece: &#8220;Todas las autoridades partidarias establecidas en \u00e9sta Carta Org\u00e1nica durar\u00e1n dos a\u00f1os en sus funciones incluidas las de la Juventud, Organizaci\u00f3n de Trabajadores Radicales y Franja Morada, debiendo renovarse al cumplirse dicho periodo excepto los Delegados a la Convenci\u00f3n Nacional que durar\u00e1n 4 a\u00f1os en sus funciones. A tal efecto el Comit\u00e9 Central de la Provincia proceder\u00e1 a convocar a los afiliados a elecciones internas. Las autoridades de la Juventud convocar\u00e1n a su renovaci\u00f3n para la misma fecha que el Comit\u00e9 Central haya establecido para la elecci\u00f3n interna. Si no lo hiciera y estuvieran vencidos los mandatos, lo har\u00e1 el Comit\u00e9 Central de la Provincia&#8221;<\/p>\n\n\n\n<p>&#8220;La Mesa Ejecutiva de la Juventud Radical del Comit\u00e9 Central de la Provincia resuelve: Convocar para el d\u00eda 27 de octubre de 2024, de 8 a 18, a los afiliados del Distrito Corrientes a las elecciones internas de la J Rad a realizarse en todo el territorio provincial&#8221;, precisa.<\/p>\n\n\n\n<p>Y agrega que &#8220;se establece como cronograma electoral el mismo establecido para las elecciones a cargos partidarios de mayores&#8221;<\/p>\n\n\n\n<figure class=\"wp-block-image\"><img decoding=\"async\" src=\"https:\/\/www.radiodos.com.ar\/content\/bucket\/0\/231010w790h988c.jpg.webp\" alt=\"\"\/><\/figure>\n","protected":false},"excerpt":{"rendered":"<p>La Juventud Radical de la UCR-Corrientes -a traves de su Mesa Directiva- dio a conocer un comunicado en el cu\u00e1l define la fecha de internas para el pr\u00f3ximo 27 de&hellip; <\/p>\n","protected":false},"author":4,"featured_media":143325,"comment_status":"closed","ping_status":"open","sticky":false,"template":"","format":"standard","meta":{"footnotes":""},"categories":[3],"tags":[],"class_list":["post-143324","post","type-post","status-publish","format-standard","has-post-thumbnail","hentry","category-politica"],"_links":{"self":[{"href":"https:\/\/corrientesdetarde.com\/index.php\/wp-json\/wp\/v2\/posts\/143324","targetHints":{"allow":["GET"]}}],"collection":[{"href":"https:\/\/corrientesdetarde.com\/index.php\/wp-json\/wp\/v2\/posts"}],"about":[{"href":"https:\/\/corrientesdetarde.com\/index.php\/wp-json\/wp\/v2\/types\/post"}],"author":[{"embeddable":true,"href":"https:\/\/corrientesdetarde.com\/index.php\/wp-json\/wp\/v2\/users\/4"}],"replies":[{"embeddable":true,"href":"https:\/\/corrientesdetarde.com\/index.php\/wp-json\/wp\/v2\/comments?post=143324"}],"version-history":[{"count":1,"href":"https:\/\/corrientesdetarde.com\/index.php\/wp-json\/wp\/v2\/posts\/143324\/revisions"}],"predecessor-version":[{"id":143326,"href":"https:\/\/corrientesdetarde.com\/index.php\/wp-json\/wp\/v2\/posts\/143324\/revisions\/143326"}],"wp:featuredmedia":[{"embeddable":true,"href":"https:\/\/corrientesdetarde.com\/index.php\/wp-json\/wp\/v2\/media\/143325"}],"wp:attachment":[{"href":"https:\/\/corrientesdetarde.com\/index.php\/wp-json\/wp\/v2\/media?parent=143324"}],"wp:term":[{"taxonomy":"category","embeddable":true,"href":"https:\/\/corrientesdetarde.com\/index.php\/wp-json\/wp\/v2\/categories?post=143324"},{"taxonomy":"post_tag","embeddable":true,"href":"https:\/\/corrientesdetarde.com\/index.php\/wp-json\/wp\/v2\/tags?post=143324"}],"curies":[{"name":"wp","href":"https:\/\/api.w.org\/{rel}","templated":true}]}}