{"id":143755,"date":"2024-04-29T08:22:09","date_gmt":"2024-04-29T11:22:09","guid":{"rendered":"https:\/\/corrientesdetarde.com\/?p=143755"},"modified":"2024-04-29T08:22:12","modified_gmt":"2024-04-29T11:22:12","slug":"dia-del-animal-por-que-se-conmemora-hoy-lunes-29-de-abril","status":"publish","type":"post","link":"https:\/\/corrientesdetarde.com\/index.php\/informacion-general\/dia-del-animal-por-que-se-conmemora-hoy-lunes-29-de-abril\/","title":{"rendered":"D\u00cdA DEL ANIMAL: \u00bfPOR QU\u00c9 SE CONMEMORA HOY, LUNES 29 DE ABRIL?"},"content":{"rendered":"\n<p>Hoy lunes 29 de abril se festeja el D\u00eda de los animales en nuestro pa\u00eds. Conoc\u00e9 el motivo de su origen y qu\u00e9 se conmemora.<\/p>\n\n\n\n<p>Este lunes29 de abril es una jornada muy particular para los argentinos, especialmente aquellos que tienen mascotas, porque se celebra el&nbsp;<strong>D\u00eda del Animal<\/strong>&nbsp;exclusivamente en nuestro pa\u00eds.&nbsp;Conoc\u00e9 el particular origen de esta celebraci\u00f3n.<\/p>\n\n\n\n<h2 class=\"wp-block-heading\"><strong>D\u00eda del Animal: por qu\u00e9 se conmemora ma\u00f1ana, 29 de abril en Argentina<\/strong><\/h2>\n\n\n\n<p><strong>El D\u00eda del Animal se celebra en Argentina todos los 29 de abril en conmemoraci\u00f3n al fallecimiento de Ignacio Lucas Albarrac\u00edn,&nbsp;<\/strong>un abogado que luch\u00f3 por los derechos de los animales y que durante m\u00e1s de cincuenta a\u00f1os fue primer secretario y presidente de la Sociedad Argentina Protectora de los Animales.<\/p>\n\n\n\n<h2 class=\"wp-block-heading\"><strong>D\u00eda del Animal: la historia del hombre que le dio origen en Argentina<\/strong><\/h2>\n\n\n\n<p><strong>Albarrac\u00edn naci\u00f3 el 31 de julio de 1850 en C\u00f3rdoba capital y fue pariente cercano de Domingo Faustino Sarmiento. T<\/strong>ras obtener su t\u00edtulo de grado, decidi\u00f3 dedicar su vida a la defensa de los animales y encabez\u00f3 campa\u00f1as contra las ri\u00f1as de gallos, las corridas de toros y el tiro a la paloma.<\/p>\n\n\n\n<p><strong>Fue secretario de la Sociedad Argentina Protectora de los Animales desde su inicio (1879) y sucedi\u00f3 a Domingo Faustino Sarmiento en su presidencia,<\/strong>&nbsp;en el a\u00f1o 1885. Asimismo, fue el mayor impulsor de la Ley Nacional de Protecci\u00f3n de Animales (N\u00b0 2.786) que se promulg\u00f3 el 25 de julio de 1891 y que fue la base legal que incorpor\u00f3 la Liga Internacional de los Derechos del Animal (1977) y la ONU.<\/p>\n\n\n\n<p><strong>Albarrac\u00edn falleci\u00f3 el 29 de abril de 1926, en Lomas de Zamora, donde resid\u00eda luego de haber pasado por Tigre y Capital Federal<\/strong>. En su homenaje, y por iniciativa de la Sociedad Protectora de Animales, se conmemora en Argentina el D\u00eda del Animal.<\/p>\n\n\n\n<h2 class=\"wp-block-heading\"><strong>D\u00eda del Animal: \u00bfcu\u00e1ndo se celebra a nivel mundial?<\/strong><\/h2>\n\n\n\n<p><strong>A diferencia de lo que ocurre en la Argentina, a nivel mundial el D\u00eda del Animal se festeja cada 4 de octubre, conmemorando a San Francisco de As\u00eds<\/strong>, el santo cat\u00f3lico que dedic\u00f3 su vida al servicio no s\u00f3lo a sus semejantes sino tambi\u00e9n a todos los animales.<\/p>\n\n\n\n<p><strong>El D\u00eda Mundial de los Animales comenz\u00f3 a celebrarse en 1929 por iniciativa de la Organizaci\u00f3n Mundial de Protecci\u00f3n Animal en congreso celebrado en Viena.<\/strong>&nbsp;En 1980, el papa Juan Pablo II declar\u00f3 a San Francisco de As\u00eds como patrono de los animales y de los ecologistas.<\/p>\n","protected":false},"excerpt":{"rendered":"<p>Hoy lunes 29 de abril se festeja el D\u00eda de los animales en nuestro pa\u00eds. Conoc\u00e9 el motivo de su origen y qu\u00e9 se conmemora. Este lunes29 de abril es&hellip; <\/p>\n","protected":false},"author":12,"featured_media":143778,"comment_status":"closed","ping_status":"open","sticky":false,"template":"","format":"standard","meta":{"footnotes":""},"categories":[23,1],"tags":[],"class_list":["post-143755","post","type-post","status-publish","format-standard","has-post-thumbnail","hentry","category-actualidad","category-informacion-general"],"_links":{"self":[{"href":"https:\/\/corrientesdetarde.com\/index.php\/wp-json\/wp\/v2\/posts\/143755","targetHints":{"allow":["GET"]}}],"collection":[{"href":"https:\/\/corrientesdetarde.com\/index.php\/wp-json\/wp\/v2\/posts"}],"about":[{"href":"https:\/\/corrientesdetarde.com\/index.php\/wp-json\/wp\/v2\/types\/post"}],"author":[{"embeddable":true,"href":"https:\/\/corrientesdetarde.com\/index.php\/wp-json\/wp\/v2\/users\/12"}],"replies":[{"embeddable":true,"href":"https:\/\/corrientesdetarde.com\/index.php\/wp-json\/wp\/v2\/comments?post=143755"}],"version-history":[{"count":1,"href":"https:\/\/corrientesdetarde.com\/index.php\/wp-json\/wp\/v2\/posts\/143755\/revisions"}],"predecessor-version":[{"id":143779,"href":"https:\/\/corrientesdetarde.com\/index.php\/wp-json\/wp\/v2\/posts\/143755\/revisions\/143779"}],"wp:featuredmedia":[{"embeddable":true,"href":"https:\/\/corrientesdetarde.com\/index.php\/wp-json\/wp\/v2\/media\/143778"}],"wp:attachment":[{"href":"https:\/\/corrientesdetarde.com\/index.php\/wp-json\/wp\/v2\/media?parent=143755"}],"wp:term":[{"taxonomy":"category","embeddable":true,"href":"https:\/\/corrientesdetarde.com\/index.php\/wp-json\/wp\/v2\/categories?post=143755"},{"taxonomy":"post_tag","embeddable":true,"href":"https:\/\/corrientesdetarde.com\/index.php\/wp-json\/wp\/v2\/tags?post=143755"}],"curies":[{"name":"wp","href":"https:\/\/api.w.org\/{rel}","templated":true}]}}