{"id":143757,"date":"2024-04-29T08:18:02","date_gmt":"2024-04-29T11:18:02","guid":{"rendered":"https:\/\/corrientesdetarde.com\/?p=143757"},"modified":"2024-04-29T08:18:33","modified_gmt":"2024-04-29T11:18:33","slug":"automovilista-choco-y-mato-aun-motociclista-otro-esta-grave","status":"publish","type":"post","link":"https:\/\/corrientesdetarde.com\/index.php\/destacados\/automovilista-choco-y-mato-aun-motociclista-otro-esta-grave\/","title":{"rendered":"Automovilista choc\u00f3 y mat\u00f3 aun motociclista; otro est\u00e1 grave"},"content":{"rendered":"\n<p>La Ruta 14 volvi\u00f3 a cobrarse una nueva v\u00edctima fatal, luego del choque entre un autom\u00f3vil y dos motocicletas en proximidades de la localidad de Alvear. Al parecer una imprudente maniobra de sobrepaso volvi\u00f3 a ser la causa de la desgracia que termin\u00f3 con la vida de otro joven. La Justicia orden\u00f3 que el conductor del auto quede detenido, confirmaron ayer fuentes oficiales.<\/p>\n\n\n\n<p>El siniestro se registr\u00f3 alrededor de las 6:40, sobre el puente del arroyo Aguapey, a la altura del kil\u00f3metro 596,5 de la Ruta Nacional N\u00b014, tristemente conocida como la ruta de la muerte. Por all\u00ed circulaban dos motocicletas de 110 cc., una conducida por Bruno Reina; mientras que la otra de igual cilindrada estaba al mando de Enzo Almeida que iba desde la localidad de La Cruz hacia Alvear, y de la mano contraria lo hac\u00eda un autom\u00f3vil Chevrolet Corsa Clasic gris, al mando de un hombre de 29 a\u00f1os.<\/p>\n\n\n\n<figure class=\"wp-block-image\"><img decoding=\"async\" src=\"https:\/\/www.diarioepoca.com\/content\/bucket\/6\/1359776w380h407c.jpg.webp\" alt=\"\"\/><figcaption class=\"wp-element-caption\">LA MOTO EN LA QUE IBA UNA DE LAS V\u00cdCTIMAS.<\/figcaption><\/figure>\n\n\n\n<p>Si bien las causas reales de la tragedia est\u00e1n en etapa de investigaci\u00f3n, la Polic\u00eda logr\u00f3 obtener el testimonio del conductor del autom\u00f3vil, quien dijo que hab\u00eda terminado de pasar a un cami\u00f3n sobre la ruta, cuando se top\u00f3 con las dos motocicletas a las que embisti\u00f3 de manera frontal. Como consecuencia del violento impacto, Bruno Reina perdi\u00f3 la vida de forma inmediata; mientras que su amigo sufri\u00f3 lesiones que obligaron a su traslado urgente hacia la ciudad de Santo Tom\u00e9, donde qued\u00f3 internado en el hospital local.<\/p>\n\n\n\n<p>Efectivos de la Comisar\u00eda de Alvear, juntamente con personal de Bomberos Voluntarios y param\u00e9dicos trabajaron en el lugar del siniestro. Por orden de la Justicia, el conductor del autom\u00f3vil Chevrolet Corsa, de apellido Buera, qued\u00f3 en calidad de detenido, hasta prestar declaraci\u00f3n testimonial, ya que en principio, todo apuntar\u00eda a que su maniobra fue la que ocasion\u00f3 la tragedia.<\/p>\n\n\n\n<figure class=\"wp-block-image\"><img decoding=\"async\" src=\"https:\/\/www.diarioepoca.com\/content\/bucket\/8\/1359808w380h403c.jpg.webp\" alt=\"\"\/><\/figure>\n\n\n\n<p>De hecho su autom\u00f3vil qued\u00f3 sobre la mano contraria, casi pegado al guardarrail, presionando a una de las motocicletas que se llev\u00f3 en el impacto. El joven motociclista que sobrevivi\u00f3 se encuentra estable y consciente. En lo que va del a\u00f1o ya son 41 las v\u00edctimas fatales en todo el territorio provincial. En el interior perdieron la vida 36 personas; mientras que en Capital fueron cinco los fallecidos.<\/p>\n","protected":false},"excerpt":{"rendered":"<p>La Ruta 14 volvi\u00f3 a cobrarse una nueva v\u00edctima fatal, luego del choque entre un autom\u00f3vil y dos motocicletas en proximidades de la localidad de Alvear. Al parecer una imprudente&hellip; <\/p>\n","protected":false},"author":12,"featured_media":143775,"comment_status":"closed","ping_status":"open","sticky":false,"template":"","format":"standard","meta":{"footnotes":""},"categories":[26,33],"tags":[],"class_list":["post-143757","post","type-post","status-publish","format-standard","has-post-thumbnail","hentry","category-destacados","category-policiales"],"_links":{"self":[{"href":"https:\/\/corrientesdetarde.com\/index.php\/wp-json\/wp\/v2\/posts\/143757","targetHints":{"allow":["GET"]}}],"collection":[{"href":"https:\/\/corrientesdetarde.com\/index.php\/wp-json\/wp\/v2\/posts"}],"about":[{"href":"https:\/\/corrientesdetarde.com\/index.php\/wp-json\/wp\/v2\/types\/post"}],"author":[{"embeddable":true,"href":"https:\/\/corrientesdetarde.com\/index.php\/wp-json\/wp\/v2\/users\/12"}],"replies":[{"embeddable":true,"href":"https:\/\/corrientesdetarde.com\/index.php\/wp-json\/wp\/v2\/comments?post=143757"}],"version-history":[{"count":1,"href":"https:\/\/corrientesdetarde.com\/index.php\/wp-json\/wp\/v2\/posts\/143757\/revisions"}],"predecessor-version":[{"id":143776,"href":"https:\/\/corrientesdetarde.com\/index.php\/wp-json\/wp\/v2\/posts\/143757\/revisions\/143776"}],"wp:featuredmedia":[{"embeddable":true,"href":"https:\/\/corrientesdetarde.com\/index.php\/wp-json\/wp\/v2\/media\/143775"}],"wp:attachment":[{"href":"https:\/\/corrientesdetarde.com\/index.php\/wp-json\/wp\/v2\/media?parent=143757"}],"wp:term":[{"taxonomy":"category","embeddable":true,"href":"https:\/\/corrientesdetarde.com\/index.php\/wp-json\/wp\/v2\/categories?post=143757"},{"taxonomy":"post_tag","embeddable":true,"href":"https:\/\/corrientesdetarde.com\/index.php\/wp-json\/wp\/v2\/tags?post=143757"}],"curies":[{"name":"wp","href":"https:\/\/api.w.org\/{rel}","templated":true}]}}