{"id":143758,"date":"2024-04-29T08:17:26","date_gmt":"2024-04-29T11:17:26","guid":{"rendered":"https:\/\/corrientesdetarde.com\/?p=143758"},"modified":"2024-04-29T08:17:56","modified_gmt":"2024-04-29T11:17:56","slug":"cronograma-electoral-y-algo-mas-en-la-convencion-de-los-radicales","status":"publish","type":"post","link":"https:\/\/corrientesdetarde.com\/index.php\/politica\/cronograma-electoral-y-algo-mas-en-la-convencion-de-los-radicales\/","title":{"rendered":"Cronograma electoral y algo m\u00e1s en la Convenci\u00f3n de los radicales"},"content":{"rendered":"\n<p>Radicales correntinos inician el tiempo de definiciones de cara a 2025. La hora se\u00f1alada para el plenario de la Convenci\u00f3n Radical es las 12 en el Club San Mart\u00edn de la capital provincial. Esa sede es el espacio de lanzamiento de candidaturas, celebraciones por triunfos electorales y debates \u00e1speros como el de 2007 que termin\u00f3 a los sillazos.<\/p>\n\n\n\n<p>El orden del d\u00eda de hoy no ser\u00e1 f\u00e1cil para los convencionales. Adem\u00e1s de las cuestiones administrativas lo que promete una fuerte discusi\u00f3n es la convocatoria a elecciones por separado de los Comit\u00e9s de j\u00f3venes y de mayores, ya que los dirigentes del Comit\u00e9 Provincial de la JR rechazaron la decisi\u00f3n del presidente partidario, Ricardo Colombi, de convocar las elecciones en diferentes fechas, las juveniles el 8 de septiembre y los mayores el 27 de octubre.<\/p>\n\n\n\n<p>El otro punto \u00e1lgido es la pr\u00f3rroga de los mandatos de la actual conducci\u00f3n que vencen el 12 de mayo, fecha en que se cumple el per\u00edodo para el cual asumi\u00f3 el senador y exgobernador, Colombi.<\/p>\n\n\n\n<p>El senador Sergio Flinta hizo declaraciones y dio datos sobre la forma en que se convocaron a elecciones. &#8220;No hubo reuni\u00f3n de la mesa directiva&#8221; del Comit\u00e9 Central, y cuando se refiri\u00f3 a la resoluci\u00f3n que lleva la firma de Graciela Rodr\u00edguez como secretaria y de Ricardo Colombi como presidente, en la cual definen las convocatorias a elecciones, tanto para la Juventud Radical como para los mayores con fechas separadas.<\/p>\n\n\n\n<p>A esas afirmaciones le agreg\u00f3 que &#8220;en realidad no sabemos bien si es del Comit\u00e9 Central, si es de la mesa o algunos miembros de ella&#8221;.<\/p>\n\n\n\n<p>Flinta tambi\u00e9n asever\u00f3 que con la resoluci\u00f3n que pone en marcha el proceso electoral interno queda en manos de la Convenci\u00f3n provincial la ratificaci\u00f3n o rectificaci\u00f3n de las decisiones que tom\u00f3 el Comit\u00e9 Central al convocar a elecciones.<\/p>\n\n\n\n<p>&#8220;La Convenci\u00f3n es el organismo deliberativo por excelencia, ah\u00ed es donde los radicales nos decimos las cosas, nuestros pensamientos, donde se delinea futuro, donde se hacen saber preocupaciones, donde se hacen saber algunas cuestiones que tienen que ver con insatisfacciones de orden pol\u00edtico, y por supuesto, todos tomamos cuenta de los temas para rectificar rumbo si es que falta&#8221;, afirm\u00f3 el senador, en una nota difundida por momarandu.com.<\/p>\n\n\n\n<p>Habr\u00e1 que ver qu\u00e9 pasa ya que la fuerte disidencia entre el gobernador, Gustavo Vald\u00e9s, y Ricardo Colombi se nota hasta en los posicionamientos pol\u00edticos de los diputados nacionales y la rebeli\u00f3n del Comit\u00e9 Central de la Juventud Radical que convoc\u00f3 a elecciones para el 27 de octubre, que ser\u00e1 uno de los temas de discusi\u00f3n y de fricci\u00f3n en el plenario de este mediod\u00eda.<\/p>\n\n\n\n<p>&#8220;Nos reunimos para tratar el cronograma electoral&#8221;, manifest\u00f3 a Radio Dos el senador radical, Di\u00f3genes Gonz\u00e1lez, y reconoci\u00f3 que &#8220;siempre en un partido hay fricciones&#8221;; aunque aclar\u00f3 que toda la dirigencia es &#8220;muy cuidadosa de nuestras estructuras institucionales. La UCR es la columna vertebral de la analiza y hay que cuidar la normalidad institucional&#8221;.<\/p>\n\n\n\n<p>Quienes son parte de la Convenci\u00f3n Provincial de la Uni\u00f3n C\u00edvica Radical representan la conducci\u00f3n territorial de los comit\u00e9s de distrito, tanto de Capital como los 74 municipios, por lo que hoy se define el liderazgo institucional como previa de la discusi\u00f3n de candidaturas para el a\u00f1o venidero, en el cual Gustavo Vald\u00e9s no puede ser reelecto y aspira a presidir el Comit\u00e9 Central para tener gravitaci\u00f3n en el armado de las listas de candidatos y no es un secreto que Ricardo Colombi manifest\u00f3 sus aspiraciones de conducci\u00f3n al expresar, a quien quiera oirlo, que &#8220;todav\u00eda no estoy retirado, aunque me quieran jubilar&#8221;.<\/p>\n","protected":false},"excerpt":{"rendered":"<p>Radicales correntinos inician el tiempo de definiciones de cara a 2025. La hora se\u00f1alada para el plenario de la Convenci\u00f3n Radical es las 12 en el Club San Mart\u00edn de&hellip; <\/p>\n","protected":false},"author":12,"featured_media":143773,"comment_status":"closed","ping_status":"open","sticky":false,"template":"","format":"standard","meta":{"footnotes":""},"categories":[8,3],"tags":[],"class_list":["post-143758","post","type-post","status-publish","format-standard","has-post-thumbnail","hentry","category-locales","category-politica"],"_links":{"self":[{"href":"https:\/\/corrientesdetarde.com\/index.php\/wp-json\/wp\/v2\/posts\/143758","targetHints":{"allow":["GET"]}}],"collection":[{"href":"https:\/\/corrientesdetarde.com\/index.php\/wp-json\/wp\/v2\/posts"}],"about":[{"href":"https:\/\/corrientesdetarde.com\/index.php\/wp-json\/wp\/v2\/types\/post"}],"author":[{"embeddable":true,"href":"https:\/\/corrientesdetarde.com\/index.php\/wp-json\/wp\/v2\/users\/12"}],"replies":[{"embeddable":true,"href":"https:\/\/corrientesdetarde.com\/index.php\/wp-json\/wp\/v2\/comments?post=143758"}],"version-history":[{"count":1,"href":"https:\/\/corrientesdetarde.com\/index.php\/wp-json\/wp\/v2\/posts\/143758\/revisions"}],"predecessor-version":[{"id":143774,"href":"https:\/\/corrientesdetarde.com\/index.php\/wp-json\/wp\/v2\/posts\/143758\/revisions\/143774"}],"wp:featuredmedia":[{"embeddable":true,"href":"https:\/\/corrientesdetarde.com\/index.php\/wp-json\/wp\/v2\/media\/143773"}],"wp:attachment":[{"href":"https:\/\/corrientesdetarde.com\/index.php\/wp-json\/wp\/v2\/media?parent=143758"}],"wp:term":[{"taxonomy":"category","embeddable":true,"href":"https:\/\/corrientesdetarde.com\/index.php\/wp-json\/wp\/v2\/categories?post=143758"},{"taxonomy":"post_tag","embeddable":true,"href":"https:\/\/corrientesdetarde.com\/index.php\/wp-json\/wp\/v2\/tags?post=143758"}],"curies":[{"name":"wp","href":"https:\/\/api.w.org\/{rel}","templated":true}]}}