{"id":143759,"date":"2024-04-29T08:16:54","date_gmt":"2024-04-29T11:16:54","guid":{"rendered":"https:\/\/corrientesdetarde.com\/?p=143759"},"modified":"2024-04-29T08:17:06","modified_gmt":"2024-04-29T11:17:06","slug":"fallecio-tras-chocar-con-un-muro","status":"publish","type":"post","link":"https:\/\/corrientesdetarde.com\/index.php\/destacados\/fallecio-tras-chocar-con-un-muro\/","title":{"rendered":"Falleci\u00f3 tras chocar con un muro"},"content":{"rendered":"\n<p>El futbolista \u00c1ngel El\u00edas Ojeda falleci\u00f3 tras chocar con un muro de una cancha en el partido que su club, Pedro Ferr\u00e9, afrontaba contra Citrex. El impacto del jugador nacido en el a\u00f1o 2001 deriv\u00f3 en convulsiones en el campo de juego a los 10 minutos de la etapa complementaria en una cancha ubicada entre la calles San Mart\u00edn y Corrientes. Ojeda, de 23 a\u00f1os, fue trasladado al Hospital de Bella Vista en grave estado y, minutos m\u00e1s tarde, perdi\u00f3 la vida. El canal \u00d1ande Cable confirm\u00f3 la noticia y la Liga Bellavistense oficializ\u00f3 en sus redes sociales el deceso con el mensaje &#8220;con profundo dolor&#8221;.<\/p>\n","protected":false},"excerpt":{"rendered":"<p>El futbolista \u00c1ngel El\u00edas Ojeda falleci\u00f3 tras chocar con un muro de una cancha en el partido que su club, Pedro Ferr\u00e9, afrontaba contra Citrex. El impacto del jugador nacido&hellip; <\/p>\n","protected":false},"author":12,"featured_media":143771,"comment_status":"closed","ping_status":"open","sticky":false,"template":"","format":"standard","meta":{"footnotes":""},"categories":[26,1658],"tags":[],"class_list":["post-143759","post","type-post","status-publish","format-standard","has-post-thumbnail","hentry","category-destacados","category-interior"],"_links":{"self":[{"href":"https:\/\/corrientesdetarde.com\/index.php\/wp-json\/wp\/v2\/posts\/143759","targetHints":{"allow":["GET"]}}],"collection":[{"href":"https:\/\/corrientesdetarde.com\/index.php\/wp-json\/wp\/v2\/posts"}],"about":[{"href":"https:\/\/corrientesdetarde.com\/index.php\/wp-json\/wp\/v2\/types\/post"}],"author":[{"embeddable":true,"href":"https:\/\/corrientesdetarde.com\/index.php\/wp-json\/wp\/v2\/users\/12"}],"replies":[{"embeddable":true,"href":"https:\/\/corrientesdetarde.com\/index.php\/wp-json\/wp\/v2\/comments?post=143759"}],"version-history":[{"count":1,"href":"https:\/\/corrientesdetarde.com\/index.php\/wp-json\/wp\/v2\/posts\/143759\/revisions"}],"predecessor-version":[{"id":143772,"href":"https:\/\/corrientesdetarde.com\/index.php\/wp-json\/wp\/v2\/posts\/143759\/revisions\/143772"}],"wp:featuredmedia":[{"embeddable":true,"href":"https:\/\/corrientesdetarde.com\/index.php\/wp-json\/wp\/v2\/media\/143771"}],"wp:attachment":[{"href":"https:\/\/corrientesdetarde.com\/index.php\/wp-json\/wp\/v2\/media?parent=143759"}],"wp:term":[{"taxonomy":"category","embeddable":true,"href":"https:\/\/corrientesdetarde.com\/index.php\/wp-json\/wp\/v2\/categories?post=143759"},{"taxonomy":"post_tag","embeddable":true,"href":"https:\/\/corrientesdetarde.com\/index.php\/wp-json\/wp\/v2\/tags?post=143759"}],"curies":[{"name":"wp","href":"https:\/\/api.w.org\/{rel}","templated":true}]}}