{"id":143760,"date":"2024-04-29T08:15:35","date_gmt":"2024-04-29T11:15:35","guid":{"rendered":"https:\/\/corrientesdetarde.com\/?p=143760"},"modified":"2024-04-29T08:15:38","modified_gmt":"2024-04-29T11:15:38","slug":"subieron-el-monto-a-la-recompensa-por-datos-sobre-el-correntino-cristian-schaerer","status":"publish","type":"post","link":"https:\/\/corrientesdetarde.com\/index.php\/informacion-general\/subieron-el-monto-a-la-recompensa-por-datos-sobre-el-correntino-cristian-schaerer\/","title":{"rendered":"Subieron el monto a la recompensa por datos sobre el correntino Cristian Schaerer"},"content":{"rendered":"\n<p>El Ministerio de Seguridad de la Naci\u00f3n de la Rep\u00fablica Argentina, elev\u00f3 a 5 millones de pesos la recompensa para quien pueda aportar informaci\u00f3n sobre el paradero de Cristian Schaerer, secuestrado de la puerta de su casa en el Barrio Las Tejas de la ciudad de Corrientes en septiembre de 2003.<\/p>\n\n\n\n<p>&nbsp;Fue secuestrado en septiembre de 2003 cuando llegaba a su casa, en Corrientes. La organizaci\u00f3n criminal que lo captur\u00f3 cobr\u00f3 277.300 d\u00f3lares de rescate pero nunca lo liber\u00f3.<\/p>\n\n\n\n<p>&nbsp;Todo aquel que pueda brindar informaci\u00f3n deber\u00e1 comunicarse telef\u00f3nicamente con el Programa Nacional de Recompensas de la cartera de Seguridad, al n\u00famero de acceso r\u00e1pido 134.<\/p>\n\n\n\n<p><strong>\u00bfCu\u00e1ndo desapareci\u00f3 Cristian Schaerer?<\/strong><\/p>\n\n\n\n<p>El 21 de septiembre de 2003, Cristian Schaerer fue secuestrado cuando llegaba a su casa del barrio Las Tejas, de la ciudad de Corrientes. La organizaci\u00f3n criminal que lo secuestr\u00f3 cobr\u00f3 277.300 d\u00f3lares de rescate pero nunca lo liber\u00f3. Por el hecho se realizaron dos juicios orales y 12 personas fueron condenadas.<\/p>\n\n\n\n<p>Entre fines de 2006 y principios de 2007, el TOF de Corrientes conden\u00f3 a 25 a\u00f1os de prisi\u00f3n al abogado Pedro \u00c1ngel Barbieri y a N\u00e9stor Horacio Barczuk, y a Judith Alvarenga a 8 a\u00f1os de c\u00e1rcel.<\/p>\n\n\n\n<p><strong>Se cumplen 20 a\u00f1os del secuestro<\/strong><\/p>\n\n\n\n<p>El 28 de agosto de 2009, en un segundo juicio, se conden\u00f3 a Ra\u00fal \u00abCaniche\u00bb Salg\u00e1n y Cristian Carro C\u00f3rdoba a 25 a\u00f1os de prisi\u00f3n; a Gonzalo Adri\u00e1n Acosta, a 16, y Claudio Cornelli Bel\u00e9n, a 12; otros cinco integrantes de la banda fueron absueltos.<\/p>\n\n\n\n<p>En 2013, la C\u00e1mara Federal de Casaci\u00f3n Penal impuso 17 a\u00f1os de prisi\u00f3n para los hijos de &#8220;Caniche&#8221; Salg\u00e1n, Sergio Gustavo y Oscar Antonio Salg\u00e1n; y 11 para Mar\u00eda Esther Sudo y su hijo Jorge Gabriel Sudo. En septiembre de 2017, Ra\u00fal \u00abCaniche\u00bb Salg\u00e1n falleci\u00f3 en un proceso postoperatorio, cuando transitaba el d\u00e9cimo cuarto a\u00f1o de su condena de 25 a\u00f1os.<\/p>\n","protected":false},"excerpt":{"rendered":"<p>El Ministerio de Seguridad de la Naci\u00f3n de la Rep\u00fablica Argentina, elev\u00f3 a 5 millones de pesos la recompensa para quien pueda aportar informaci\u00f3n sobre el paradero de Cristian Schaerer,&hellip; <\/p>\n","protected":false},"author":12,"featured_media":143769,"comment_status":"closed","ping_status":"open","sticky":false,"template":"","format":"standard","meta":{"footnotes":""},"categories":[23,1],"tags":[],"class_list":["post-143760","post","type-post","status-publish","format-standard","has-post-thumbnail","hentry","category-actualidad","category-informacion-general"],"_links":{"self":[{"href":"https:\/\/corrientesdetarde.com\/index.php\/wp-json\/wp\/v2\/posts\/143760","targetHints":{"allow":["GET"]}}],"collection":[{"href":"https:\/\/corrientesdetarde.com\/index.php\/wp-json\/wp\/v2\/posts"}],"about":[{"href":"https:\/\/corrientesdetarde.com\/index.php\/wp-json\/wp\/v2\/types\/post"}],"author":[{"embeddable":true,"href":"https:\/\/corrientesdetarde.com\/index.php\/wp-json\/wp\/v2\/users\/12"}],"replies":[{"embeddable":true,"href":"https:\/\/corrientesdetarde.com\/index.php\/wp-json\/wp\/v2\/comments?post=143760"}],"version-history":[{"count":1,"href":"https:\/\/corrientesdetarde.com\/index.php\/wp-json\/wp\/v2\/posts\/143760\/revisions"}],"predecessor-version":[{"id":143770,"href":"https:\/\/corrientesdetarde.com\/index.php\/wp-json\/wp\/v2\/posts\/143760\/revisions\/143770"}],"wp:featuredmedia":[{"embeddable":true,"href":"https:\/\/corrientesdetarde.com\/index.php\/wp-json\/wp\/v2\/media\/143769"}],"wp:attachment":[{"href":"https:\/\/corrientesdetarde.com\/index.php\/wp-json\/wp\/v2\/media?parent=143760"}],"wp:term":[{"taxonomy":"category","embeddable":true,"href":"https:\/\/corrientesdetarde.com\/index.php\/wp-json\/wp\/v2\/categories?post=143760"},{"taxonomy":"post_tag","embeddable":true,"href":"https:\/\/corrientesdetarde.com\/index.php\/wp-json\/wp\/v2\/tags?post=143760"}],"curies":[{"name":"wp","href":"https:\/\/api.w.org\/{rel}","templated":true}]}}