{"id":143784,"date":"2024-04-29T09:29:27","date_gmt":"2024-04-29T12:29:27","guid":{"rendered":"https:\/\/corrientesdetarde.com\/?p=143784"},"modified":"2024-04-29T09:29:38","modified_gmt":"2024-04-29T12:29:38","slug":"espana-pedro-sanchez-decidio-que-seguira-como-presidente-del-gobierno","status":"publish","type":"post","link":"https:\/\/corrientesdetarde.com\/index.php\/interior\/espana-pedro-sanchez-decidio-que-seguira-como-presidente-del-gobierno\/","title":{"rendered":"Espa\u00f1a: Pedro S\u00e1nchez decidi\u00f3 que seguir\u00e1 como presidente del Gobierno"},"content":{"rendered":"\n<p>&#8220;He decidido seguir con m\u00e1s fuerza si cabe al frente de la presidencia del Gobierno de Espa\u00f1a, dijo Pedro S\u00e1nchez.\u00a0Con esas palabras, anunci\u00f3 que continuar\u00e1 en el poder en ese pa\u00eds. Puso fin de esta manera a un &#8220;per\u00edodo de reflexi\u00f3n&#8221; de cuatro d\u00edas que dijo que se tomar\u00eda tras una denuncia por corrupci\u00f3n contra su esposa, Bego\u00f1a G\u00f3mez.<\/p>\n\n\n\n<p><strong>S\u00e1nchez defini\u00f3 a esa denuncia como parte de una campa\u00f1a<\/strong>&nbsp;&#8211; en la que ubic\u00f3 a la derecha y a la ultraderecha &#8211; que lo \u00fanico que persigue es<strong>&nbsp;desacreditar la tarea pol\u00edtica y el ejercicio del partido Socialista y su coalici\u00f3n en Espa\u00f1a.<\/strong><\/p>\n\n\n\n<p>Pedro S\u00e1nchez tiene por delante,&nbsp;<strong>en s\u00f3lo dos semanas,<\/strong>&nbsp;las trascendentes&nbsp;<strong>elecciones para el gobierno de la comunidad de Catalu\u00f1a&nbsp;<\/strong>y a mitad de a\u00f1o, la renovaci\u00f3n de la composici\u00f3n del parlamento Europeo.<\/p>\n\n\n\n<h2 class=\"wp-block-heading\">Pedro S\u00e1nchez no renuncia<\/h2>\n\n\n\n<p>La incertidumbre que cre\u00f3 el propio S\u00e1nchez en la pol\u00edtica y el coraz\u00f3n del poder en Espa\u00f1a tuvo el final que muchos esperaban: continuar\u00e1 como primer ministro, es decir, el presidente del Gobierno. Sorprendi\u00f3 con su carta del d\u00eda jueves en la que anunci\u00f3 que iba a &#8220;reflexionar&#8221; si ten\u00eda fuerzas para cotinuar en la acci\u00f3n pol\u00edtica al m\u00e1s alto nivel.<\/p>\n\n\n\n<p><strong>En estos a\u00f1os, Pedro S\u00e1nchez ha demostrado que utiliza cualquier argumento y cambios de posturas como si tuviese un solo objetivo: mantener el poder que conquist\u00f3 en el a\u00f1o 2018.<\/strong><\/p>\n\n\n\n<p>Por eso llam\u00f3 tanto la atenci\u00f3n que se planteara renunciar a su cargo luego de presentarse una denuncia por corrupci\u00f3n y tr\u00e1fico de influencias contra su esposa. En la carta p\u00fablica de cuatro p\u00e1ginas, dijo que toda esa acusaci\u00f3n se basa en hechos falsos, a los que clasific\u00f3 como un&nbsp;<strong>&#8220;bulo&#8221;<\/strong>. Es la expresi\u00f3n que utilizan en Espa\u00f1a para referirse a &#8220;una falsedad propagada de manera deliberada para que sea percibida como verdad&#8221;. Los que en el mundo se conoce con la expresi\u00f3n en ingl\u00e9s como &#8220;<strong>fake news&#8221;<\/strong>.<\/p>\n\n\n\n<figure class=\"wp-block-image\"><img decoding=\"async\" src=\"https:\/\/media.a24.com\/p\/63800423f327b0e5e06063222c3e1099\/adjuntos\/296\/imagenes\/009\/328\/0009328744\/1200x675\/smart\/begona-gomez-y-pedro-sanchezjpg.jpg\" alt=\"Bego\u00f1a G\u00f3mez, la esposa de Pedro S\u00e1nchez fue acusada de tr\u00e1fico de influencias y corrupci\u00f3n. ( Foto: Gentileza El Espa\u00f1ol)\" title=\"Bego\u00f1a G\u00f3mez, la esposa de Pedro S\u00e1nchez fue acusada de tr\u00e1fico de influencias y corrupci\u00f3n. ( Foto: Gentileza El Espa\u00f1ol)\"\/><\/figure>\n\n\n\n<p>Bego\u00f1a G\u00f3mez, la esposa de Pedro S\u00e1nchez fue acusada de tr\u00e1fico de influencias y corrupci\u00f3n. ( Foto: Gentileza El Espa\u00f1ol)<\/p>\n\n\n\n<h2 class=\"wp-block-heading\">S\u00e1nchez: &#8220;Continuar\u00e9 con m\u00e1s fuerzas si a\u00fan cabe&#8221;<\/h2>\n\n\n\n<p>En su mensaje, el Presidente abri\u00f3 varios temas para el debate inmediato de la pol\u00edtica espa\u00f1ola. &#8220;Tras estos d\u00edas de reflexi\u00f3n, tengo la respuesta clara&#8221;, dijo. Y comenz\u00f3 a desarrollar el argumento que utiliz\u00f3 para descalificar la denuncia en contra de su mujer en la Justicia.<\/p>\n\n\n\n<p>&#8220;Si aceptamos todos, como sociedad, que la acci\u00f3n pol\u00edtica permite el ataque indiscriminado a personas y agentes,<strong>&nbsp;entonces no merece la pena<\/strong>&#8220;, agreg\u00f3 S\u00e1nchez para ir directamente a lo que calific\u00f3 como una acusaci\u00f3n falsa con el solo objetivo de desprestigiar la acci\u00f3n pol\u00edtica.<\/p>\n\n\n\n<p>Entonces, dijo algo que se supone que cualquier pol\u00edtico sabe a qu\u00e9 debe estar preparado: \u201cMi mujer y yo sabemos que esta campa\u00f1a de descr\u00e9dito no parar\u00e1. Llevamos 10 a\u00f1os sufri\u00e9ndola.&nbsp;<strong>Es grave, pero no es lo m\u00e1s relevante. Podemos con ella&#8221;.<\/strong><\/p>\n\n\n\n<p>En cambio, en la carta del pasado jueves hab\u00eda se\u00f1alado que los ataques contra su esposa, Bego\u00f1a G\u00f3mez, hab\u00eda tenido un fuerte impacto en lo que \u00e9l m\u00e1s aprecia: su vida familiar y su privacidad.<\/p>\n\n\n\n<p>Este lunes, bien temprano, concluy\u00f3 que tras estos cuatro d\u00edas tomo una resoluci\u00f3n que a muchos no ha sorprendido: &#8220;<strong>He decidido seguir con m\u00e1s fuerza si cabe al frente de la presidencia del Gobierno de Espa\u00f1a&#8221;.<\/strong><\/p>\n\n\n\n<figure class=\"wp-block-image\"><img decoding=\"async\" src=\"https:\/\/media.a24.com\/p\/6b347c8c8c282d555e99c65846a6210c\/adjuntos\/296\/imagenes\/009\/328\/0009328752\/1200x675\/smart\/cataluna-jpg.jpg\" alt=\"Las elecciones en Catalu\u00f1a, en primer desaf\u00edo para Pedro S\u00e1nchez, tras ratificar que seguir\u00e1 como presidente del gobierno espa\u00f1ol. (Foto: Gentileza P\u00fablico)\" title=\"Las elecciones en Catalu\u00f1a, en primer desaf\u00edo para Pedro S\u00e1nchez, tras ratificar que seguir\u00e1 como presidente del gobierno espa\u00f1ol. (Foto: Gentileza P\u00fablico)\"\/><\/figure>\n\n\n\n<p>Las elecciones en Catalu\u00f1a, en primer desaf\u00edo para Pedro S\u00e1nchez, tras ratificar que seguir\u00e1 como presidente del gobierno espa\u00f1ol. (Foto: Gentileza P\u00fablico)<\/p>\n\n\n\n<p>En la parte final de su breve discurso ratific\u00f3 sus compromisos como&nbsp;<strong>consolidar derechos y libertades.<\/strong>&nbsp;Pero desliz\u00f3 un concepto que ya es motivo de debate desde esta ma\u00f1ana en&nbsp;<strong>Espa\u00f1a: &#8220;<\/strong>Por eso, asumo ante ustedes mi compromiso de trabajar sin descanso, con firmeza y con serenidad por la<strong>&nbsp;regeneraci\u00f3n pendiente de nuestra democracia<\/strong>&#8220;.<\/p>\n\n\n\n<p>Deber\u00e1 definir por qu\u00e9 para \u00e9l hay una regeneraci\u00f3n pendiente para la democracia espa\u00f1ola, qu\u00e9 es lo que entiende que debe modifcarse seg\u00fan su forma de entender la pol\u00edtica, algo a lo que dedic\u00f3 su vida y as\u00ed seguir\u00e1 haci\u00e9ndolo.<\/p>\n\n\n\n<p>Pedro S\u00e1nchez,<strong>&nbsp;tras la crisis de gobierno del a\u00f1o pasado decidi\u00f3 adelantar las elecciones, que se hicieron en julio de 2023.<\/strong>&nbsp;El Partido Popular fue el partido m\u00e1s votado, pero no logr\u00f3 conformar una mayor\u00eda para poder gobernar. Pedro S\u00e1nchez s\u00ed lo hizo pero de una manera muy cuestionada:&nbsp;<strong>consigui\u00f3 los votos claves de los independentistas catalanes.<\/strong><\/p>\n\n\n\n<p>Lo hizo a cambio de una amnist\u00eda para los que declararon la independencia de Catalu\u00f1a en 2017. Un giro de 180 grados, ya que cuando lleg\u00f3 al poder en 2018, dijo que har\u00eda que Carles Puigdemont, el presidente del gobierno auton\u00f3mico que declar\u00f3 la escisi\u00f3n catalana, deber\u00eda responder ante la justicia espa\u00f1ola. Puigdemont se asil\u00f3 en B\u00e9lgica y en Pedro S\u00e1nchez pact\u00f3 con \u00e9l la amnist\u00eda a cambio de los votos para poder seguir en el gobierno.<\/p>\n\n\n\n<p>El pr\u00f3ximo 12 de mayo se realizar\u00e1n las elecciones para conformar el nuevo gobierno catal\u00e1n. El partido Socialista Catal\u00e1n marcha primero en las encuestas.<strong>&nbsp;Ser\u00e1 para Pedro S\u00e1nchez su primera prueba, tras ratificar que seguir\u00e1 gobernando.<\/strong><\/p>\n","protected":false},"excerpt":{"rendered":"<p>&#8220;He decidido seguir con m\u00e1s fuerza si cabe al frente de la presidencia del Gobierno de Espa\u00f1a, dijo Pedro S\u00e1nchez.\u00a0Con esas palabras, anunci\u00f3 que continuar\u00e1 en el poder en ese&hellip; <\/p>\n","protected":false},"author":12,"featured_media":143788,"comment_status":"closed","ping_status":"open","sticky":false,"template":"","format":"standard","meta":{"footnotes":""},"categories":[1658],"tags":[],"class_list":["post-143784","post","type-post","status-publish","format-standard","has-post-thumbnail","hentry","category-interior"],"_links":{"self":[{"href":"https:\/\/corrientesdetarde.com\/index.php\/wp-json\/wp\/v2\/posts\/143784","targetHints":{"allow":["GET"]}}],"collection":[{"href":"https:\/\/corrientesdetarde.com\/index.php\/wp-json\/wp\/v2\/posts"}],"about":[{"href":"https:\/\/corrientesdetarde.com\/index.php\/wp-json\/wp\/v2\/types\/post"}],"author":[{"embeddable":true,"href":"https:\/\/corrientesdetarde.com\/index.php\/wp-json\/wp\/v2\/users\/12"}],"replies":[{"embeddable":true,"href":"https:\/\/corrientesdetarde.com\/index.php\/wp-json\/wp\/v2\/comments?post=143784"}],"version-history":[{"count":1,"href":"https:\/\/corrientesdetarde.com\/index.php\/wp-json\/wp\/v2\/posts\/143784\/revisions"}],"predecessor-version":[{"id":143789,"href":"https:\/\/corrientesdetarde.com\/index.php\/wp-json\/wp\/v2\/posts\/143784\/revisions\/143789"}],"wp:featuredmedia":[{"embeddable":true,"href":"https:\/\/corrientesdetarde.com\/index.php\/wp-json\/wp\/v2\/media\/143788"}],"wp:attachment":[{"href":"https:\/\/corrientesdetarde.com\/index.php\/wp-json\/wp\/v2\/media?parent=143784"}],"wp:term":[{"taxonomy":"category","embeddable":true,"href":"https:\/\/corrientesdetarde.com\/index.php\/wp-json\/wp\/v2\/categories?post=143784"},{"taxonomy":"post_tag","embeddable":true,"href":"https:\/\/corrientesdetarde.com\/index.php\/wp-json\/wp\/v2\/tags?post=143784"}],"curies":[{"name":"wp","href":"https:\/\/api.w.org\/{rel}","templated":true}]}}