{"id":143834,"date":"2024-04-29T11:57:18","date_gmt":"2024-04-29T14:57:18","guid":{"rendered":"https:\/\/corrientesdetarde.com\/?p=143834"},"modified":"2024-04-29T11:57:30","modified_gmt":"2024-04-29T14:57:30","slug":"el-gobernador-valdes-formalizo-la-ejecucion-de-cordon-cuneta-para-la-localidad-de-santa-rosa","status":"publish","type":"post","link":"https:\/\/corrientesdetarde.com\/index.php\/locales\/el-gobernador-valdes-formalizo-la-ejecucion-de-cordon-cuneta-para-la-localidad-de-santa-rosa\/","title":{"rendered":"El gobernador Vald\u00e9s formaliz\u00f3 la ejecuci\u00f3n de cord\u00f3n cuneta para la localidad de Santa Rosa"},"content":{"rendered":"\n<p><\/p>\n\n\n\n<p>En su despacho oficial, el gobernador Gustavo Vald\u00e9s rubric\u00f3 este lunes un acuerdo junto al intendente de Santa Rosa, Pedro Maidana, para la realizaci\u00f3n de 20 cuadras de cord\u00f3n cuneta en la mencionada jurisdicci\u00f3n.<\/p>\n\n\n\n<p>A trav\u00e9s de sus redes oficiales (@gustavovaldesok), el mandatario provincial dio cuenta del convenio celebrado entre las partes, detallando que el mismo se enmarca dentro del Plan de Fortalecimiento Institucional que lleva adelante el Gobierno de Corrientes para el desarrollo de las comunas.<\/p>\n","protected":false},"excerpt":{"rendered":"<p>En su despacho oficial, el gobernador Gustavo Vald\u00e9s rubric\u00f3 este lunes un acuerdo junto al intendente de Santa Rosa, Pedro Maidana, para la realizaci\u00f3n de 20 cuadras de cord\u00f3n cuneta&hellip; <\/p>\n","protected":false},"author":12,"featured_media":143861,"comment_status":"closed","ping_status":"open","sticky":false,"template":"","format":"standard","meta":{"footnotes":""},"categories":[8],"tags":[],"class_list":["post-143834","post","type-post","status-publish","format-standard","has-post-thumbnail","hentry","category-locales"],"_links":{"self":[{"href":"https:\/\/corrientesdetarde.com\/index.php\/wp-json\/wp\/v2\/posts\/143834","targetHints":{"allow":["GET"]}}],"collection":[{"href":"https:\/\/corrientesdetarde.com\/index.php\/wp-json\/wp\/v2\/posts"}],"about":[{"href":"https:\/\/corrientesdetarde.com\/index.php\/wp-json\/wp\/v2\/types\/post"}],"author":[{"embeddable":true,"href":"https:\/\/corrientesdetarde.com\/index.php\/wp-json\/wp\/v2\/users\/12"}],"replies":[{"embeddable":true,"href":"https:\/\/corrientesdetarde.com\/index.php\/wp-json\/wp\/v2\/comments?post=143834"}],"version-history":[{"count":1,"href":"https:\/\/corrientesdetarde.com\/index.php\/wp-json\/wp\/v2\/posts\/143834\/revisions"}],"predecessor-version":[{"id":143862,"href":"https:\/\/corrientesdetarde.com\/index.php\/wp-json\/wp\/v2\/posts\/143834\/revisions\/143862"}],"wp:featuredmedia":[{"embeddable":true,"href":"https:\/\/corrientesdetarde.com\/index.php\/wp-json\/wp\/v2\/media\/143861"}],"wp:attachment":[{"href":"https:\/\/corrientesdetarde.com\/index.php\/wp-json\/wp\/v2\/media?parent=143834"}],"wp:term":[{"taxonomy":"category","embeddable":true,"href":"https:\/\/corrientesdetarde.com\/index.php\/wp-json\/wp\/v2\/categories?post=143834"},{"taxonomy":"post_tag","embeddable":true,"href":"https:\/\/corrientesdetarde.com\/index.php\/wp-json\/wp\/v2\/tags?post=143834"}],"curies":[{"name":"wp","href":"https:\/\/api.w.org\/{rel}","templated":true}]}}