{"id":143839,"date":"2024-04-29T11:10:20","date_gmt":"2024-04-29T14:10:20","guid":{"rendered":"https:\/\/corrientesdetarde.com\/?p=143839"},"modified":"2024-04-29T11:10:31","modified_gmt":"2024-04-29T14:10:31","slug":"nathy-peluso-se-hizo-una-minifalda-con-una-camiseta-de-argentina-y-causo-revuelo-en-instagram","status":"publish","type":"post","link":"https:\/\/corrientesdetarde.com\/index.php\/espectaculos\/nathy-peluso-se-hizo-una-minifalda-con-una-camiseta-de-argentina-y-causo-revuelo-en-instagram\/","title":{"rendered":"Nathy Peluso se hizo una minifalda con una camiseta de Argentina y caus\u00f3 revuelo en Instagram"},"content":{"rendered":"\n<p>Adem\u00e1s de ser una de las cantantes y artistas m\u00e1s influyentes de los \u00faltimos tiempos, la ic\u00f3nica<strong>Nathy Peluso<\/strong>ya es un \u00edcono de moda y tendencias para las generaciones m\u00e1s j\u00f3venes. La morocha deslumbra con sus impactantes y arrasadores looks en cada\u00a0<strong>aparici\u00f3n en p\u00fablico,<\/strong><em><strong>\u00a0show<\/strong><\/em><strong>\u00a0o tapa de revista<\/strong>.<\/p>\n\n\n\n<p>En esta ocasi\u00f3n, voli\u00f3 a ser furor en las redes sociales tras arrasar con su apuesta de moda para una\u00a0<em>performance<\/em>\u00a0que hizo junto a\u00a0<strong>Karol G<\/strong>. Argentina de nacimiento, la artista eligi\u00f3 prenda principal de su vestuario una<strong>\u00a0camiseta celeste y blanca<\/strong>\u00a0de Argentina\u00a0<strong>que llev\u00f3 atada como una minifalda.<\/strong><\/p>\n\n\n\n<h2 class=\"wp-block-heading\">Nathy Peluso homenaje\u00f3 a la Argentina en el escenario<\/h2>\n\n\n\n<p>Nathy Peluso caus\u00f3 revuelo en&nbsp;<strong>Instagram<\/strong>&nbsp;tras mostrar su look para subirse al escenario junto a Karol G.<\/p>\n\n\n\n<figure class=\"wp-block-image\"><img decoding=\"async\" src=\"https:\/\/tn.com.ar\/resizer\/X7aHAi2t1eBjx54E5Ma8I035ZQg=\/767x0\/smart\/filters:format(webp)\/cloudfront-us-east-1.images.arcpublishing.com\/artear\/MNZBIZJZBVHWBOJS75NU3KWFKM.jpg\" alt=\"Nathy Peluso con una camiseta de la Argentina como minifalda. (Foto: Instagram\/@nathypeluso).\"\/><figcaption class=\"wp-element-caption\">Nathy Peluso con una camiseta de la Argentina como minifalda. (Foto: Instagram\/@nathypeluso).<\/figcaption><\/figure>\n\n\n\n<p>Combin\u00f3 la prenda estrella del look con un&nbsp;<strong>minicorpi\u00f1o negro&nbsp;<\/strong>-sum\u00e1ndose as\u00ed a una de las tendencias m\u00e1s populares del momento- y un&nbsp;<strong>abrigo de pelo&nbsp;<\/strong><em><strong>off white<\/strong><\/em>que luci\u00f3 abierto.<\/p>\n\n\n\n<p>Para el calzado, opt\u00f3 por&nbsp;<strong>botas bucaneras negras alt\u00edsimas<\/strong>. Un&nbsp;<strong>cinto bien ancho con una hebilla XXL&nbsp;<\/strong>fue el toque final del vesutario que cautiv\u00f3 a todos los usuarios de la aplicaci\u00f3n de fotos.<\/p>\n\n\n\n<p>En cuanto al&nbsp;<em>beauty look<\/em>, la artista sorprendi\u00f3 con un&nbsp;<em>make up<\/em>&nbsp;simple pero no por eso menos llamativo:&nbsp;<strong>delineado extremo estilo&nbsp;<\/strong><em><strong>cat eye<\/strong><\/em><strong>&nbsp;en total&nbsp;<\/strong><em><strong>black<\/strong><\/em>, m\u00e1scara de pesta\u00f1as al tono, rubor rosado en las mejillas y un<em><strong>lipgloss<\/strong><\/em><strong>&nbsp;sin pigmento<\/strong>. En tanto, el pelo lo llev\u00f3 suelto, con&nbsp;<strong>flequillo recto desmechado&nbsp;<\/strong>y algunas ondas naturales.<\/p>\n\n\n\n<figure class=\"wp-block-image\"><img decoding=\"async\" src=\"https:\/\/tn.com.ar\/resizer\/7bZCFJpWoqoD5GYu1XW8r3xw4YA=\/767x0\/smart\/filters:format(webp)\/cloudfront-us-east-1.images.arcpublishing.com\/artear\/25V6QCBG6FEQNM33BVHALMBZPM.jpg\" alt=\"Nathy Peluso arras\u00f3 con su look. (Foto: Instagram\/@nathypeluso).\"\/><figcaption class=\"wp-element-caption\">Nathy Peluso arras\u00f3 con su look. (Foto: Instagram\/@nathypeluso).<\/figcaption><\/figure>\n\n\n\n<p>\u201c<strong>No puedo creer que tengas una polera como falda y se te vea espectacular<\/strong>\u201d, \u201c<strong>Qu\u00e9 bien te queda la celeste y blanca, Natalia<\/strong>\u201d, \u201cTe amo, diosa argentina\u201d, \u201c<strong>Devorando<\/strong>\u201d y \u201cEse vestuario es tan ic\u00f3nico\u201d; fueron algunos de los mensajes que le dedicaron sus&nbsp;<em>followers<\/em>.<\/p>\n\n\n\n<p>Algunas famosas tambi\u00e9n se animaron a elogiarla de los pies a la cabeza y le escribieron halagos en el posteo.&nbsp;<strong>Candelaria Tinelli&nbsp;<\/strong>le coment\u00f3: \u201c<strong>Me baj\u00f3 la presi\u00f3n<\/strong>\u201d.<\/p>\n\n\n\n<figure class=\"wp-block-image\"><img decoding=\"async\" src=\"https:\/\/tn.com.ar\/resizer\/7b-nqeU20LljLe9yZLxhZua3HoM=\/767x0\/smart\/filters:format(webp)\/cloudfront-us-east-1.images.arcpublishing.com\/artear\/SE5PVXNU4RHUDG7F4Y26TA7LQY.jpg\" alt=\"Nathy Peluso, m\u00e1s ic\u00f3nica que nunca. (Foto: Instagram\/@nathypeluso).\"\/><figcaption class=\"wp-element-caption\">Nathy Peluso, m\u00e1s ic\u00f3nica que nunca. (Foto: Instagram\/@nathypeluso).<\/figcaption><\/figure>\n","protected":false},"excerpt":{"rendered":"<p>Adem\u00e1s de ser una de las cantantes y artistas m\u00e1s influyentes de los \u00faltimos tiempos, la ic\u00f3nicaNathy Pelusoya es un \u00edcono de moda y tendencias para las generaciones m\u00e1s j\u00f3venes.&hellip; <\/p>\n","protected":false},"author":12,"featured_media":143846,"comment_status":"closed","ping_status":"open","sticky":false,"template":"","format":"standard","meta":{"footnotes":""},"categories":[19],"tags":[],"class_list":["post-143839","post","type-post","status-publish","format-standard","has-post-thumbnail","hentry","category-espectaculos"],"_links":{"self":[{"href":"https:\/\/corrientesdetarde.com\/index.php\/wp-json\/wp\/v2\/posts\/143839","targetHints":{"allow":["GET"]}}],"collection":[{"href":"https:\/\/corrientesdetarde.com\/index.php\/wp-json\/wp\/v2\/posts"}],"about":[{"href":"https:\/\/corrientesdetarde.com\/index.php\/wp-json\/wp\/v2\/types\/post"}],"author":[{"embeddable":true,"href":"https:\/\/corrientesdetarde.com\/index.php\/wp-json\/wp\/v2\/users\/12"}],"replies":[{"embeddable":true,"href":"https:\/\/corrientesdetarde.com\/index.php\/wp-json\/wp\/v2\/comments?post=143839"}],"version-history":[{"count":1,"href":"https:\/\/corrientesdetarde.com\/index.php\/wp-json\/wp\/v2\/posts\/143839\/revisions"}],"predecessor-version":[{"id":143847,"href":"https:\/\/corrientesdetarde.com\/index.php\/wp-json\/wp\/v2\/posts\/143839\/revisions\/143847"}],"wp:featuredmedia":[{"embeddable":true,"href":"https:\/\/corrientesdetarde.com\/index.php\/wp-json\/wp\/v2\/media\/143846"}],"wp:attachment":[{"href":"https:\/\/corrientesdetarde.com\/index.php\/wp-json\/wp\/v2\/media?parent=143839"}],"wp:term":[{"taxonomy":"category","embeddable":true,"href":"https:\/\/corrientesdetarde.com\/index.php\/wp-json\/wp\/v2\/categories?post=143839"},{"taxonomy":"post_tag","embeddable":true,"href":"https:\/\/corrientesdetarde.com\/index.php\/wp-json\/wp\/v2\/tags?post=143839"}],"curies":[{"name":"wp","href":"https:\/\/api.w.org\/{rel}","templated":true}]}}