{"id":143933,"date":"2024-04-29T16:04:46","date_gmt":"2024-04-29T19:04:46","guid":{"rendered":"https:\/\/corrientesdetarde.com\/?p=143933"},"modified":"2024-04-29T16:04:58","modified_gmt":"2024-04-29T19:04:58","slug":"detuvieron-al-actor-gerard-depardieu-por-dos-supuestos-ataques-sexuales","status":"publish","type":"post","link":"https:\/\/corrientesdetarde.com\/index.php\/espectaculos\/detuvieron-al-actor-gerard-depardieu-por-dos-supuestos-ataques-sexuales\/","title":{"rendered":"Detuvieron al actor G\u00e9rard Depardieu por dos supuestos ataques sexuales"},"content":{"rendered":"\n<p>Ocurri\u00f3 cuando la figura del cine franc\u00e9s fue a declarar. Tiene varias acusaciones por causas similares.<\/p>\n\n\n\n<p>El actor franc\u00e9s\u00a0\u00a0Gerard Depardieu fue puesto bajo custodia policial en Par\u00eds<strong>\u00a0para ser interrogado por dos acusaciones de agresi\u00f3n sexual<\/strong>\u00a0de diferentes mujeres.<\/p>\n\n\n\n<p>De acuerdo a lo que public\u00f3 la agencia&nbsp;<em><strong>AFP<\/strong><\/em>, junto a informes de&nbsp;<em><strong>Variety&nbsp;<\/strong><\/em>y la&nbsp;<em><strong>CNN<\/strong><\/em>, la figura del cine franc\u00e9s se present\u00f3 este lunes en una comisar\u00eda parisina para declarar sobre las denuncias de dos ataques sexuales que le adjudican,&nbsp;<strong>uno en 2021 y otro en 2014<\/strong>. Depardieu qued\u00f3 detenido.<\/p>\n\n\n\n<h2 class=\"wp-block-heading\">Qu\u00e9 pas\u00f3 con G\u00e9rard Depardieu tras las denuncias por agresi\u00f3n sexual<\/h2>\n\n\n\n<p>Si bien hasta el momento no se sabe qu\u00e9 declar\u00f3 y cu\u00e1les son los pasos a seguir por el reconocido artista franc\u00e9s,&nbsp;<strong>se sabe que G\u00e9rard Depardieu fue convocado a declarar&nbsp;<\/strong>debido a las denuncias en su contra y qued\u00f3 bajo custodia.<\/p>\n\n\n\n<p>Las dos acusaciones que pesan sobre una de las m\u00e1ximas figuras del cine franc\u00e9s son las \u00faltimas que se conocen&nbsp;<strong>ya que tiene decenas de denuncias&nbsp;<\/strong>que circulan desde hace a\u00f1os.<\/p>\n\n\n\n<figure class=\"wp-block-image\"><img decoding=\"async\" src=\"https:\/\/tn.com.ar\/resizer\/21UUzgm2OQ72Gyk5jbT5sGuIkaY=\/767x0\/smart\/filters:format(webp)\/cloudfront-us-east-1.images.arcpublishing.com\/artear\/3PNAWQPDDVEM3FB5BVB7UULJ5Q.jpg\" alt=\"G\u00e9rard Depardieu enfrenta dos denuncias por agresiones sexuales. (Foto: AFP)\"\/><\/figure>\n\n\n\n<p>La primera mujer lo denunci\u00f3 en febrero y es una decoradora que trabajaba en la pel\u00edcula&nbsp;<em>Les Volets verts<\/em>. Seg\u00fan precis\u00f3, el ataque habr\u00eda sido en 2021.<\/p>\n\n\n\n<p>En una entrevista con el sitio web franc\u00e9s de noticias de investigaci\u00f3n&nbsp;<em>M\u00e9diapart<\/em>, la denunciante explic\u00f3 que&nbsp;<strong>Depardieu&nbsp;<\/strong>le habr\u00eda hecho varios comentarios subidos de tono y, luego, la agarr\u00f3 \u201cde forma brutal\u201d y la chup\u00f3 \u201cla cintura y el vientre, hasta los pechos\u201d.<\/p>\n\n\n\n<p>La otra persona que lo denunci\u00f3 es una exasistente que trabaj\u00f3 en el corto<em>&nbsp;Le Magicien et les Siamois<\/em>&nbsp;en 2014. De acuerdo a lo que declar\u00f3 la denunciante, el actor le dijo varias<strong>&nbsp;\u201cpalabras indecentes\u201d<\/strong>&nbsp;en la mansi\u00f3n que tiene&nbsp;<strong>Depardieu&nbsp;<\/strong>en Par\u00eds.<\/p>\n\n\n\n<p>Es la primera vez que la figura francesa termina con una custodia policial o detenido por la derivaci\u00f3n de alguna causa de agresi\u00f3n sexual. Las \u00fanicas entradas que tuvo fueron por haber conducido estando&nbsp;<strong>bajo los efectos del alcohol.<\/strong><\/p>\n\n\n\n<figure class=\"wp-block-image\"><img decoding=\"async\" src=\"https:\/\/tn.com.ar\/resizer\/naJPfl_b1nouTMeBkF0L0Pp25F8=\/767x0\/smart\/filters:format(webp)\/cloudfront-us-east-1.images.arcpublishing.com\/artear\/XQ3U7Q23HJC55JZBJOF5IOVUF4.jpg\" alt=\"G\u00e9rard Depardieu, durante un festival de cine en Egipto. (Foto: Ammar Abd Rabbo\/El Gouna Film Festival\/AFP)\"\/><\/figure>\n\n\n\n<p>En diferentes entrevistas que dio,&nbsp;<strong>Depardieu&nbsp;<\/strong>siempre dijo que no era culpable de ninguna de las acusaciones en su contra.&nbsp;<strong>\u201cNunca abus\u00e9 de una mujer\u201d<\/strong>, sostuvo en una carta que public\u00f3 en 2023 el diario<em>&nbsp;Le Figaro.<\/em><\/p>\n\n\n\n<p>En abril de 2023,<strong>&nbsp;13 mujeres acusaron al actor de comportamiento sexualmente inapropiado<\/strong>&nbsp;en un informe publicado por&nbsp;<em>M\u00e9diapart<\/em>. Depardieu<strong>&nbsp;neg\u00f3 siempre con vehemencia&nbsp;<\/strong>cada una de las acusaciones que se hicieron all\u00ed.<\/p>\n","protected":false},"excerpt":{"rendered":"<p>Ocurri\u00f3 cuando la figura del cine franc\u00e9s fue a declarar. Tiene varias acusaciones por causas similares. El actor franc\u00e9s\u00a0\u00a0Gerard Depardieu fue puesto bajo custodia policial en Par\u00eds\u00a0para ser interrogado por&hellip; <\/p>\n","protected":false},"author":8,"featured_media":143934,"comment_status":"closed","ping_status":"open","sticky":false,"template":"","format":"standard","meta":{"footnotes":""},"categories":[19],"tags":[],"class_list":["post-143933","post","type-post","status-publish","format-standard","has-post-thumbnail","hentry","category-espectaculos"],"_links":{"self":[{"href":"https:\/\/corrientesdetarde.com\/index.php\/wp-json\/wp\/v2\/posts\/143933","targetHints":{"allow":["GET"]}}],"collection":[{"href":"https:\/\/corrientesdetarde.com\/index.php\/wp-json\/wp\/v2\/posts"}],"about":[{"href":"https:\/\/corrientesdetarde.com\/index.php\/wp-json\/wp\/v2\/types\/post"}],"author":[{"embeddable":true,"href":"https:\/\/corrientesdetarde.com\/index.php\/wp-json\/wp\/v2\/users\/8"}],"replies":[{"embeddable":true,"href":"https:\/\/corrientesdetarde.com\/index.php\/wp-json\/wp\/v2\/comments?post=143933"}],"version-history":[{"count":1,"href":"https:\/\/corrientesdetarde.com\/index.php\/wp-json\/wp\/v2\/posts\/143933\/revisions"}],"predecessor-version":[{"id":143935,"href":"https:\/\/corrientesdetarde.com\/index.php\/wp-json\/wp\/v2\/posts\/143933\/revisions\/143935"}],"wp:featuredmedia":[{"embeddable":true,"href":"https:\/\/corrientesdetarde.com\/index.php\/wp-json\/wp\/v2\/media\/143934"}],"wp:attachment":[{"href":"https:\/\/corrientesdetarde.com\/index.php\/wp-json\/wp\/v2\/media?parent=143933"}],"wp:term":[{"taxonomy":"category","embeddable":true,"href":"https:\/\/corrientesdetarde.com\/index.php\/wp-json\/wp\/v2\/categories?post=143933"},{"taxonomy":"post_tag","embeddable":true,"href":"https:\/\/corrientesdetarde.com\/index.php\/wp-json\/wp\/v2\/tags?post=143933"}],"curies":[{"name":"wp","href":"https:\/\/api.w.org\/{rel}","templated":true}]}}