{"id":143939,"date":"2024-04-29T16:21:12","date_gmt":"2024-04-29T19:21:12","guid":{"rendered":"https:\/\/corrientesdetarde.com\/?p=143939"},"modified":"2024-04-29T16:21:24","modified_gmt":"2024-04-29T19:21:24","slug":"tension-en-paris-la-policia-irrumpio-en-la-sorbona-para-desarticular-una-protesta-contra-la-guerra-en-gaza","status":"publish","type":"post","link":"https:\/\/corrientesdetarde.com\/index.php\/internacionales\/tension-en-paris-la-policia-irrumpio-en-la-sorbona-para-desarticular-una-protesta-contra-la-guerra-en-gaza\/","title":{"rendered":"Tensi\u00f3n en Par\u00eds: la polic\u00eda irrumpi\u00f3 en La Sorbona para desarticular una protesta contra la guerra en Gaza"},"content":{"rendered":"\n<p>Los alumnos ped\u00edan el fin de la intervenci\u00f3n militar de Israel en el enclave palestino. La movilizaci\u00f3n sigue a acciones similares en prestigiosas casas de estudio de Estados Unidos.<\/p>\n\n\n\n<p>La polic\u00eda antidisturbios irrumpi\u00f3 este lunes en la Universidad de La Sorbona de Par\u00eds, la m\u00e1s emblem\u00e1tica de Francia, para&nbsp;<strong>expulsar a decenas de estudiantes propalestinos<\/strong>&nbsp;que se hab\u00edan instalado en el patio principal del edificio, junto al Pante\u00f3n, para protestar por la acci\u00f3n militar israel\u00ed en la Franja de Gaza.<\/p>\n\n\n\n<p>La intervenci\u00f3n policial, que se produjo sin que se anunciaran detenciones, sucedi\u00f3 despu\u00e9s de una manifestaci\u00f3n similar el viernes de unos 200 universitarios de otro prestigioso centro universitario, Sciences Po de Par\u00eds, tambi\u00e9n en protesta contra lo que llaman \u201cel genocidio que sufre el pueblo palestino\u201d.<\/p>\n\n\n\n<p>Las movilizaciones ocurren en coincidencia con\u00a0las masivas protestas estudiantiles en universidades de Estados Unidos\u00a0que exigen a Israel poner fin a la guerra y cortar cualquier lazo financiero y educativo con el Estado jud\u00edo.<\/p>\n\n\n\n<p>Las intervenciones policiales en este simb\u00f3lico lugar de las revueltas estudiantiles parisinas son poco comunes.<\/p>\n\n\n\n<h2 class=\"wp-block-heading\">Qu\u00e9 pas\u00f3 en La Sorbona<\/h2>\n\n\n\n<p>La Sorbona, creada en el siglo XIII, es un emblema de la universidad y de la cultura francesa. Por all\u00ed pasaron alumnos, profesores y figuras c\u00e9lebres como Pierre y Marie Curie, Jean-Paul Sartre, Simone de Beauvoir, Louis Pasteur o Victor Hugo, entre otros. Adem\u00e1s, fue uno de los principales centros de la revoluci\u00f3n de mayo de 1968.<\/p>\n\n\n\n<p>Jacques, un estudiante de Sciences Po que acudi\u00f3 a La Sorbona este lunes en solidaridad con la protesta de sus compa\u00f1eros all\u00ed, dijo que la movilizaci\u00f3n era una respuesta \u201cal genocidio que est\u00e1 cometiendo Israel, con la complicidad de (Joe) Biden y de (Emmanuel) Macron\u201d.<\/p>\n\n\n\n<figure class=\"wp-block-image\"><img decoding=\"async\" src=\"https:\/\/tn.com.ar\/resizer\/vrtvXP5U4Ka7t78xDzlP6QbWHfE=\/767x0\/smart\/filters:format(webp)\/cloudfront-us-east-1.images.arcpublishing.com\/artear\/N4M7IXFUGZH37M7ARFIPMOGVBA.jfif\" alt=\"Tensi\u00f3n en la Universidad de La Sorbona (Foto: EFE)\"\/><\/figure>\n\n\n\n<p>Unos 50 manifestantes fueron conducidos fuera del recinto hist\u00f3rico de la Sorbona, en el Barrio Latino de Par\u00eds, y alejados en grupo por las fuerzas de seguridad.<\/p>\n\n\n\n<p>\u201d<strong>La evacuaci\u00f3n fue bastante brutal<\/strong>, con una decena de personas arrastradas por el suelo, pero sin detenciones\u201d, dijo R\u00e9mi, un estudiante de 20 a\u00f1os, que formaba parte de los manifestantes.<\/p>\n\n\n\n<p>La prefectura de polic\u00eda de Par\u00eds habl\u00f3 de una \u201coperaci\u00f3n que dur\u00f3 solo algunos minutos\u201d y precis\u00f3 que \u201cse llev\u00f3 a cabo en calma y sin incidentes\u201d.<\/p>\n\n\n\n<p>La universidad Paris 1-Panth\u00e9on Sorbonne que cerr\u00f3 sus puertas en la tarde \u201cpor decisi\u00f3n del rectorado\u201d.<\/p>\n\n\n\n<p>Las organizaciones estudiantiles que convocan estas protestas se enfrentan a los esfuerzos del gobierno franc\u00e9s por desactivar las manifestaciones r\u00e1pidamente para evitar una movilizaci\u00f3n masiva como en Estados Unidos.<\/p>\n\n\n\n<p>El sangriento ataque del movimiento islamista Hamas en suelo israel\u00ed el 7 de octubre y la respuesta de Israel en la Franja de Gaza tens\u00f3 el ambiente en Francia, que acoge la primera comunidad jud\u00eda de Europa y a millones de musulmanes.<\/p>\n","protected":false},"excerpt":{"rendered":"<p>Los alumnos ped\u00edan el fin de la intervenci\u00f3n militar de Israel en el enclave palestino. La movilizaci\u00f3n sigue a acciones similares en prestigiosas casas de estudio de Estados Unidos. La&hellip; <\/p>\n","protected":false},"author":8,"featured_media":143940,"comment_status":"closed","ping_status":"open","sticky":false,"template":"","format":"standard","meta":{"footnotes":""},"categories":[11],"tags":[],"class_list":["post-143939","post","type-post","status-publish","format-standard","has-post-thumbnail","hentry","category-internacionales"],"_links":{"self":[{"href":"https:\/\/corrientesdetarde.com\/index.php\/wp-json\/wp\/v2\/posts\/143939","targetHints":{"allow":["GET"]}}],"collection":[{"href":"https:\/\/corrientesdetarde.com\/index.php\/wp-json\/wp\/v2\/posts"}],"about":[{"href":"https:\/\/corrientesdetarde.com\/index.php\/wp-json\/wp\/v2\/types\/post"}],"author":[{"embeddable":true,"href":"https:\/\/corrientesdetarde.com\/index.php\/wp-json\/wp\/v2\/users\/8"}],"replies":[{"embeddable":true,"href":"https:\/\/corrientesdetarde.com\/index.php\/wp-json\/wp\/v2\/comments?post=143939"}],"version-history":[{"count":1,"href":"https:\/\/corrientesdetarde.com\/index.php\/wp-json\/wp\/v2\/posts\/143939\/revisions"}],"predecessor-version":[{"id":143941,"href":"https:\/\/corrientesdetarde.com\/index.php\/wp-json\/wp\/v2\/posts\/143939\/revisions\/143941"}],"wp:featuredmedia":[{"embeddable":true,"href":"https:\/\/corrientesdetarde.com\/index.php\/wp-json\/wp\/v2\/media\/143940"}],"wp:attachment":[{"href":"https:\/\/corrientesdetarde.com\/index.php\/wp-json\/wp\/v2\/media?parent=143939"}],"wp:term":[{"taxonomy":"category","embeddable":true,"href":"https:\/\/corrientesdetarde.com\/index.php\/wp-json\/wp\/v2\/categories?post=143939"},{"taxonomy":"post_tag","embeddable":true,"href":"https:\/\/corrientesdetarde.com\/index.php\/wp-json\/wp\/v2\/tags?post=143939"}],"curies":[{"name":"wp","href":"https:\/\/api.w.org\/{rel}","templated":true}]}}