{"id":143942,"date":"2024-04-29T16:25:05","date_gmt":"2024-04-29T19:25:05","guid":{"rendered":"https:\/\/corrientesdetarde.com\/?p=143942"},"modified":"2024-04-29T16:25:17","modified_gmt":"2024-04-29T19:25:17","slug":"buscan-a-un-exfutbolista-de-la-seleccion-argentina-y-de-chacarita-que-desaparecio-en-san-cristobal","status":"publish","type":"post","link":"https:\/\/corrientesdetarde.com\/index.php\/deportes\/buscan-a-un-exfutbolista-de-la-seleccion-argentina-y-de-chacarita-que-desaparecio-en-san-cristobal\/","title":{"rendered":"Buscan a un exfutbolista de la Selecci\u00f3n argentina y de Chacarita que desapareci\u00f3 en San Crist\u00f3bal"},"content":{"rendered":"\n<p>\u00c1ngel Hugo Bargas tiene 77 a\u00f1os y se lo vio por \u00faltima vez el domingo por la ma\u00f1ana al salir de su casa.<\/p>\n\n\n\n<p>El exfutbolista \u00c1ngel Hugo Bargas\u00a0es\u00a0<strong>buscado intensamente<\/strong>\u00a0luego de haber salido de su casa en el barrio porte\u00f1o de San Crist\u00f3bal el domingo por la ma\u00f1ana. Tras pasar m\u00e1s de un d\u00eda sin noticias del exjugador de la Selecci\u00f3n argentina e \u00eddolo de Chacarita, su familia decidi\u00f3 recurrir a la Polic\u00eda e iniciar una intensa campa\u00f1a a trav\u00e9s de las redes sociales para dar con su paradero.<\/p>\n\n\n\n<p>Seg\u00fan se supo\u00a0, Bargas \u201csali\u00f3 desorientado\u201d de su casa en San Crist\u00f3bal el domingo cerca de las 8.45. Las im\u00e1genes de las c\u00e1maras de seguridad lo captaron dejando el inmueble.<\/p>\n\n\n\n<p>Tras no saber de \u00e9l por varias horas, familiares y allegados dieron aviso a las autoridades. El hombre de 77 a\u00f1os, que mide 1.79, es de contextura media, con tez blanca y pelo corto canoso, estaba vestido con un pantal\u00f3n de jean verde, buzo polar rojo y saco negro.<\/p>\n\n\n\n<p>La Comisi\u00f3n Directiva de Chacarita, club en el que Bargas brill\u00f3 entre 1969 y 1972, se puso a disposici\u00f3n de la familia para colaborar con la b\u00fasqueda.<\/p>\n\n\n\n<figure class=\"wp-block-image\"><img decoding=\"async\" src=\"https:\/\/tn.com.ar\/resizer\/IZks-gkMyjTCGV1Ft3McpwOqZSo=\/767x0\/smart\/filters:format(webp)\/cloudfront-us-east-1.images.arcpublishing.com\/artear\/ODDXFLR73VCQLBCPHYD23IYOLM.jpg\" alt=\"\u00c1ngel Hugo Bargas fue campe\u00f3n con Chacarita en 1969 (Foto: X\/@Chacaoficial)\"\/><\/figure>\n\n\n\n<p>A quien pueda aportar datos sobre Bargas, la familia pidi\u00f3 comunicarse a los n\u00fameros:&nbsp;<strong>11-6022-2487, 113919-9867 y 11-3138-9696.<\/strong><\/p>\n\n\n\n<p>\u00c1ngel Hugo Bargas naci\u00f3 en Buenos Aires en 1946 y dio sus primeros pasos como futbolista profesional en la d\u00e9cada del 60\u2032 en Racing. Luego pas\u00f3 a Chacarita, club con el que conquist\u00f3 el torneo de primera divisi\u00f3n en 1969. En 1972 se instal\u00f3 en Francia y pas\u00f3 por equipos de renombre como Guingamp, Nates, Mets, Budeos, Racing de Estrasburgo, Bastia y Stade Rennais. Visti\u00f3 la camiseta de la Selecci\u00f3n argentina y fue parte del plantel en el Mundial de Alemania 1974.<\/p>\n","protected":false},"excerpt":{"rendered":"<p>\u00c1ngel Hugo Bargas tiene 77 a\u00f1os y se lo vio por \u00faltima vez el domingo por la ma\u00f1ana al salir de su casa. El exfutbolista \u00c1ngel Hugo Bargas\u00a0es\u00a0buscado intensamente\u00a0luego de&hellip; <\/p>\n","protected":false},"author":8,"featured_media":143943,"comment_status":"closed","ping_status":"open","sticky":false,"template":"","format":"standard","meta":{"footnotes":""},"categories":[4],"tags":[],"class_list":["post-143942","post","type-post","status-publish","format-standard","has-post-thumbnail","hentry","category-deportes"],"_links":{"self":[{"href":"https:\/\/corrientesdetarde.com\/index.php\/wp-json\/wp\/v2\/posts\/143942","targetHints":{"allow":["GET"]}}],"collection":[{"href":"https:\/\/corrientesdetarde.com\/index.php\/wp-json\/wp\/v2\/posts"}],"about":[{"href":"https:\/\/corrientesdetarde.com\/index.php\/wp-json\/wp\/v2\/types\/post"}],"author":[{"embeddable":true,"href":"https:\/\/corrientesdetarde.com\/index.php\/wp-json\/wp\/v2\/users\/8"}],"replies":[{"embeddable":true,"href":"https:\/\/corrientesdetarde.com\/index.php\/wp-json\/wp\/v2\/comments?post=143942"}],"version-history":[{"count":1,"href":"https:\/\/corrientesdetarde.com\/index.php\/wp-json\/wp\/v2\/posts\/143942\/revisions"}],"predecessor-version":[{"id":143944,"href":"https:\/\/corrientesdetarde.com\/index.php\/wp-json\/wp\/v2\/posts\/143942\/revisions\/143944"}],"wp:featuredmedia":[{"embeddable":true,"href":"https:\/\/corrientesdetarde.com\/index.php\/wp-json\/wp\/v2\/media\/143943"}],"wp:attachment":[{"href":"https:\/\/corrientesdetarde.com\/index.php\/wp-json\/wp\/v2\/media?parent=143942"}],"wp:term":[{"taxonomy":"category","embeddable":true,"href":"https:\/\/corrientesdetarde.com\/index.php\/wp-json\/wp\/v2\/categories?post=143942"},{"taxonomy":"post_tag","embeddable":true,"href":"https:\/\/corrientesdetarde.com\/index.php\/wp-json\/wp\/v2\/tags?post=143942"}],"curies":[{"name":"wp","href":"https:\/\/api.w.org\/{rel}","templated":true}]}}