{"id":143952,"date":"2024-04-29T16:41:54","date_gmt":"2024-04-29T19:41:54","guid":{"rendered":"https:\/\/corrientesdetarde.com\/?p=143952"},"modified":"2024-04-29T16:41:59","modified_gmt":"2024-04-29T19:41:59","slug":"uno-por-uno-todos-los-aumentos-que-llegan-en-mayo","status":"publish","type":"post","link":"https:\/\/corrientesdetarde.com\/index.php\/economia\/uno-por-uno-todos-los-aumentos-que-llegan-en-mayo\/","title":{"rendered":"Uno por uno, todos los aumentos que llegan en mayo"},"content":{"rendered":"\n<p>Boletos de subte, de trenes y naftas son algunos de los bienes y servicios cuyos precios tendr\u00e1n fuertes en el quinto mes del a\u00f1o.<\/p>\n\n\n\n<p>Para el mes de&nbsp;<strong>mayo&nbsp;<\/strong>se prev\u00e9n nuevos&nbsp;<strong>aumentos&nbsp;<\/strong>en bienes y servicios, tanto p\u00fablicos como privados, que tendr\u00e1n un fuerte impacto en el nivel general de precios. El transporte ser\u00e1 una de las \u00e1reas m\u00e1s afectadas, con importantes subas en los&nbsp;<strong>boletos de subtes y trenes<\/strong>, as\u00ed como tambi\u00e9n en&nbsp;<strong>naftas<\/strong>.<\/p>\n\n\n\n<p>En cuanto a las\u00a0<strong>prepagas<\/strong>, tras las medidas anunciadas por el Gobierno, se espera que aquellas que re\u00fanen mayor cantidad de afiliados retrotraigan sus precios a los valores de diciembre y luego los ajustes seg\u00fan el \u00cdndice de Precios al Consumidor (IPC). Hasta el momento, solo\u00a0Swiss Medical\u00a0y\u00a0OSDE confirmaron que se sumaban a la medida, aunque esta \u00faltima solo lo har\u00e1 en mayo con los afiliados directos y\u00a0no con aquellos que derivan aportes.<\/p>\n\n\n\n<h2 class=\"wp-block-heading\">Aumenta la nafta en mayo<\/h2>\n\n\n\n<figure class=\"wp-block-image\"><img decoding=\"async\" src=\"https:\/\/media.minutouno.com\/p\/ac55a8f4478c95a01e10330678956e40\/adjuntos\/150\/imagenes\/039\/708\/0039708605\/nafta-ypf.jpg\" alt=\"\" title=\"\"\/><\/figure>\n\n\n\n<p>El 1 de mayo se aplica el \u00faltimo tramo del aumento parcial a los Impuestos al Combustible L\u00edquido (ICL) y al di\u00f3xido de carbono (IDC). Esto se traslada directamente al precio del litro de naftas y gasoil.<\/p>\n\n\n\n<p>El aumento en los precios de la nafta y el gasoil ser\u00e1 de al menos 8% promedio en la Ciudad de Buenos Aires en caso de que la suba del tributo contemple la inflaci\u00f3n completa del cuarto trimestre de 2023. Resta conocer de cu\u00e1nto ser\u00e1 el incremento que aplicar\u00e1n las petroleras en los valores de venta en los surtidores.<\/p>\n\n\n\n<p>Si YPF sube un 7,38% el litro de&nbsp;<strong>nafta s\u00faper<\/strong>&nbsp;pasar\u00eda a costar de $837 a&nbsp;<strong>$899&nbsp;<\/strong>y el de&nbsp;<strong>nafta premium<\/strong>, de $1033 a&nbsp;<strong>$1109.<\/strong><\/p>\n\n\n\n<h2 class=\"wp-block-heading\">Internet, cable y celulares: cu\u00e1nto aumentan en mayo<\/h2>\n\n\n\n<figure class=\"wp-block-image\"><img decoding=\"async\" src=\"https:\/\/media.minutouno.com\/p\/a9101de130a08402081b0135417f9bc5\/adjuntos\/150\/imagenes\/040\/693\/0040693309\/celular-internet-tv-cablejpg.jpg\" alt=\"\" title=\"\"\/><\/figure>\n\n\n\n<p>Las empresas de telefon\u00eda que brindan los servicios de Internet, cable y celulares anunciaron que los primeros d\u00edas de mayo aplicar\u00e1n un nuevo incremento en sus tarifas, con&nbsp;<strong>aumentos que rondar\u00e1n entre el 10 y el 20%<\/strong>, seg\u00fan la empresa.<\/p>\n\n\n\n<h2 class=\"wp-block-heading\">Subte: el boleto aumenta dos veces en mayo<\/h2>\n\n\n\n<figure class=\"wp-block-image\"><img decoding=\"async\" src=\"https:\/\/media.minutouno.com\/p\/426e67215cdf7c8de6f513f378b381bb\/adjuntos\/150\/imagenes\/041\/414\/0041414240\/subte-linea-b.jpeg\" alt=\"\" title=\"\"\/><\/figure>\n\n\n\n<p>El&nbsp;<strong>boleto de subte&nbsp;<\/strong>aumentar\u00e1 dos veces en mayo, con quince d\u00edas entre suba y suba: desde el mi\u00e9rcoles 1, el pasaje pasar\u00e1 de $125 a&nbsp;<strong>$574&nbsp;<\/strong>y dos semanas despu\u00e9s alcanzar\u00e1 los&nbsp;<strong>$667.<\/strong><\/p>\n\n\n\n<h2 class=\"wp-block-heading\">Trenes: cu\u00e1nto costar\u00e1 el boleto en mayo<\/h2>\n\n\n\n<figure class=\"wp-block-image\"><img decoding=\"async\" src=\"https:\/\/media.minutouno.com\/p\/0d4a81d70b3638dca658cff950d35387\/adjuntos\/150\/imagenes\/041\/406\/0041406520\/tren.jpg\" alt=\"\" title=\"\"\/><\/figure>\n\n\n\n<p>Desde mayo, subir\u00e1 el precio de los boletos de tren en el \u00c1rea Metropolitana de Buenos Aires (AMBA). El tramo m\u00ednimo, que abarca de 0 a 12 kil\u00f3metros, el pasaje aumentar\u00e1 de $130 a<strong>&nbsp;$200.<\/strong><\/p>\n\n\n\n<p>Para distancias intermedias, que comprende tramos de 12 a 24 kil\u00f3metros, el precio del boleto pasar\u00e1 de $169 a&nbsp;<strong>$260.<\/strong><\/p>\n\n\n\n<p>El \u00faltimo trayecto, que va m\u00e1s all\u00e1 de los 24 kil\u00f3metros, subir\u00e1 de $208 a&nbsp;<strong>$320.<\/strong><\/p>\n\n\n\n<h2 class=\"wp-block-heading\">Alquileres: cu\u00e1l es el ICL para mayo<\/h2>\n\n\n\n<figure class=\"wp-block-image\"><img decoding=\"async\" src=\"https:\/\/media.minutouno.com\/p\/f1c18ef614a1941d1cd12304f0fe3ada\/adjuntos\/150\/imagenes\/041\/194\/0041194709\/alquiler.jpg\" alt=\"\" title=\"\"\/><\/figure>\n\n\n\n<p>Si bien la Ley de Alquileres fue derogada por el Gobierno mediante DNU, los contratos en curso firmados con la norma anterior iniciados entre el 1\u00b0 de julio de 2020 y el 17 de octubre de 2023 deber\u00e1n respetar los t\u00e9rminos y condiciones fijados. Esta f\u00f3rmula se aplica \u00fanicamente a los alquileres.<\/p>\n\n\n\n<p><strong>Los aumentos son cercanos al 200% anual<\/strong>, seg\u00fan el \u00cdndice para Contratos de Locaci\u00f3n (ICL) publicado por el Banco Central, que tiene en cuenta en partes iguales las variaciones mensuales del \u00cdndice de Precios al Consumidor (IPC) y de la Remuneraci\u00f3n Imponible Promedio de Los Trabajadores Estables (RIPTE).<\/p>\n\n\n\n<h2 class=\"wp-block-heading\">Colegios privados  aumentan en mayo<\/h2>\n\n\n\n<figure class=\"wp-block-image\"><img decoding=\"async\" src=\"https:\/\/media.minutouno.com\/p\/4fa919cd8dc5f9295f29525d88ad5187\/adjuntos\/150\/imagenes\/041\/419\/0041419069\/aula-colegio-alumnos-voucher-educativo.jpg\" alt=\"\" title=\"\"\/><\/figure>\n\n\n\n<p>En mayo,&nbsp;<strong>las cuotas de los colegios privados de la provincia de Buenos Aires aumentar\u00e1n un 6,7%.&nbsp;<\/strong>Este es el tercer aumento consecutivo que autoriza el gobernador Axel Kicillof. Incluye a nivel inicial, primario, secundario, t\u00e9cnico, agrario y superior,&nbsp;<strong>dependiendo si el establecimiento cuenta con el 100% o el 40% de subsidio del Estado.<\/strong><\/p>\n\n\n\n<ul class=\"wp-block-list\">\n<li>\u00a0Nivel inicial y primario: desde\u00a0<strong>$17.447<\/strong>\u00a0a\u00a0<strong>$78.853<\/strong>.<\/li>\n\n\n\n<li>Secundaria: var\u00edan desde\u00a0<strong>$19.230\u00a0<\/strong>a<strong>\u00a0$102.464.<\/strong><\/li>\n\n\n\n<li>Secundaria t\u00e9cnica, agraria y especializadas en arte: desde\u00a0<strong>$22.170\u00a0<\/strong>a\u00a0<strong>$117.273.<\/strong><\/li>\n\n\n\n<li>Nivel superior: desde\u00a0<strong>$25.119 hasta $100.080.<\/strong><\/li>\n<\/ul>\n\n\n\n<h2 class=\"wp-block-heading\">Casas particulares: cu\u00e1l es el sueldo de mayo<\/h2>\n\n\n\n<figure class=\"wp-block-image\"><img decoding=\"async\" src=\"https:\/\/media.minutouno.com\/p\/ff5e6f834fd481ffef8ba17b51e21974\/adjuntos\/150\/imagenes\/040\/912\/0040912861\/limpieza-tv.png\" alt=\"\" title=\"\"\/><\/figure>\n\n\n\n<p>La Comisi\u00f3n de Trabajo en Casas Particulares defini\u00f3 un nuevo aumento sobre los salarios m\u00ednimos del personal que realiza tareas dom\u00e9sticas. Tras el 11% de abril, para mayo se espera el 7%. Las subas tienen como base el salario pagado en marzo.<\/p>\n\n\n\n<h3 class=\"wp-block-heading\">Sueldo de mayo para personal de tareas dom\u00e9sticas:<\/h3>\n\n\n\n<ul class=\"wp-block-list\">\n<li>Supervisores con retiro: $2617,38 la hora y $326.517,60 el mes trabajado;<\/li>\n\n\n\n<li>Supervisores sin retiro: $2867,13 y $363.684,20;<\/li>\n\n\n\n<li>Personal para tareas espec\u00edficas con retiro: $2478,08 y $303.353,57;<\/li>\n\n\n\n<li>Personal para tareas espec\u00edficas sin retiro: $2716,73 y $337.684,20;<\/li>\n\n\n\n<li>Caseros: $2340,99 y $295.969,85;<\/li>\n\n\n\n<li>Asistencia y cuidado de personas con retiro: la hora $2340,99 y el mes trabajado $295.969,85;<\/li>\n\n\n\n<li>Asistencia y cuidado de personas sin retiro: $2617,38 y $329.827,62;<\/li>\n\n\n\n<li>Personal para tareas generales con retiro: $2170,05 y $266.163,02;<\/li>\n\n\n\n<li>Personal para tareas generales sin retiro: $2340,99 y $295.969,85;<\/li>\n<\/ul>\n","protected":false},"excerpt":{"rendered":"<p>Boletos de subte, de trenes y naftas son algunos de los bienes y servicios cuyos precios tendr\u00e1n fuertes en el quinto mes del a\u00f1o. Para el mes de&nbsp;mayo&nbsp;se prev\u00e9n nuevos&nbsp;aumentos&nbsp;en&hellip; <\/p>\n","protected":false},"author":8,"featured_media":143953,"comment_status":"closed","ping_status":"open","sticky":false,"template":"","format":"standard","meta":{"footnotes":""},"categories":[20],"tags":[],"class_list":["post-143952","post","type-post","status-publish","format-standard","has-post-thumbnail","hentry","category-economia"],"_links":{"self":[{"href":"https:\/\/corrientesdetarde.com\/index.php\/wp-json\/wp\/v2\/posts\/143952","targetHints":{"allow":["GET"]}}],"collection":[{"href":"https:\/\/corrientesdetarde.com\/index.php\/wp-json\/wp\/v2\/posts"}],"about":[{"href":"https:\/\/corrientesdetarde.com\/index.php\/wp-json\/wp\/v2\/types\/post"}],"author":[{"embeddable":true,"href":"https:\/\/corrientesdetarde.com\/index.php\/wp-json\/wp\/v2\/users\/8"}],"replies":[{"embeddable":true,"href":"https:\/\/corrientesdetarde.com\/index.php\/wp-json\/wp\/v2\/comments?post=143952"}],"version-history":[{"count":1,"href":"https:\/\/corrientesdetarde.com\/index.php\/wp-json\/wp\/v2\/posts\/143952\/revisions"}],"predecessor-version":[{"id":143954,"href":"https:\/\/corrientesdetarde.com\/index.php\/wp-json\/wp\/v2\/posts\/143952\/revisions\/143954"}],"wp:featuredmedia":[{"embeddable":true,"href":"https:\/\/corrientesdetarde.com\/index.php\/wp-json\/wp\/v2\/media\/143953"}],"wp:attachment":[{"href":"https:\/\/corrientesdetarde.com\/index.php\/wp-json\/wp\/v2\/media?parent=143952"}],"wp:term":[{"taxonomy":"category","embeddable":true,"href":"https:\/\/corrientesdetarde.com\/index.php\/wp-json\/wp\/v2\/categories?post=143952"},{"taxonomy":"post_tag","embeddable":true,"href":"https:\/\/corrientesdetarde.com\/index.php\/wp-json\/wp\/v2\/tags?post=143952"}],"curies":[{"name":"wp","href":"https:\/\/api.w.org\/{rel}","templated":true}]}}