{"id":143955,"date":"2024-04-29T16:45:37","date_gmt":"2024-04-29T19:45:37","guid":{"rendered":"https:\/\/corrientesdetarde.com\/?p=143955"},"modified":"2024-04-29T20:25:45","modified_gmt":"2024-04-29T23:25:45","slug":"crimen-de-los-carabineros-en-chile-boric-pidio-reforzar-la-presencia-de-las-fuerzas-amadas-en-zonas-de-riesgo","status":"publish","type":"post","link":"https:\/\/corrientesdetarde.com\/index.php\/internacionales\/crimen-de-los-carabineros-en-chile-boric-pidio-reforzar-la-presencia-de-las-fuerzas-amadas-en-zonas-de-riesgo\/","title":{"rendered":"Crimen de los carabineros en Chile: Boric pidi\u00f3 reforzar la presencia de las Fuerzas ARmadas en zonas de riesgo"},"content":{"rendered":"\n<p>Lo anunci\u00f3 este lunes la ministra vocera del Gobierno, Camila Vallejo. Quiere que el ej\u00e9rcito se despliegue en algunos puntos del sur del pa\u00eds. Ning\u00fan grupo reivindic\u00f3 el ataque.<\/p>\n\n\n\n<p>El presidente<strong>\u00a0Gabriel Boric<\/strong>\u00a0pidi\u00f3 \u201cun refuerzo adicional\u201d a las Fuerzas Armadas para \u201ccopar zonas de riesgo\u201d en el sur de Chile, en especial el \u00e1rea donde el s\u00e1bado \u00a0fueron asesinados tres carabineros. Lo anunci\u00f3 este lunes la ministra vocera del Gobierno,\u00a0Camila Vallejo.<\/p>\n\n\n\n<p>La portavoz dijo que el ejecutivo dispuso \u201cherramientas jur\u00eddicas\u201d para \u201ccondenar con las m\u00e1ximas penas a los delincuentes de este brutal crimen\u201d.<\/p>\n\n\n\n<p>\u201cEstamos hablando de cadena perpetua calificada. No dudamos en usar las armas y herramientas m\u00e1s eficaces para que haya justicia y no haya impunidad\u201d, dijo.<\/p>\n\n\n\n<h2 class=\"wp-block-heading\">C\u00f3mo fue el ataque contra los tres carabineros<\/h2>\n\n\n\n<p>Hasta ahora, ning\u00fan grupo reivindic\u00f3 el ataque en que fueron asesinados a balazos tres carabineros. Sus cuerpos fueron despu\u00e9s quemados, en el peor ataque de este tipo contra miembros de esa fuerza desde 1990.<\/p>\n\n\n\n<p>En la zona son habituales los atentados incendiarios contra empresa forestales atribuidos a grupos mapuches.<\/p>\n\n\n\n<figure class=\"wp-block-image\"><img decoding=\"async\" src=\"https:\/\/tn.com.ar\/resizer\/LjEGZZznWanJlU6ZAmqOFCtZmlM=\/767x0\/smart\/filters:format(webp)\/cloudfront-us-east-1.images.arcpublishing.com\/artear\/HHN6YW3AKBFSXNVLIP5YVP46U4.jpg\" alt=\"Personal militar y policial se despleg\u00f3 en comunidades cercanas al lugar del homicidio de los tres Carabineros (Foto: EFE)\"\/><\/figure>\n\n\n\n<p>\u201cNecesitamos endurecer las medidas. Para ello no solo basta el accionar unido de los distintos poderes del Estado en la zona, sino actualizar nuestra legislaci\u00f3n, como la ley de inteligencia, contar con un Ministerio de Seguridad P\u00fablica con dedicaci\u00f3n exclusiva; necesitamos nueva regla de uso de la fuerza y una nueva ley antiterrorista\u201d, puntualiz\u00f3 Vallejo.<\/p>\n\n\n\n<p>El domingo, el Gobierno anunci\u00f3 la presentaci\u00f3n de una querella criminal contra todos quienes resulten responsables del triple crimen, contemplando los delitos de homicidio contra Carabineros, violaci\u00f3n de la Ley de Armas y por pertenencia a una organizaci\u00f3n criminal.<\/p>\n\n\n\n<p>El ataque contra los tres funcionarios de Control de Orden P\u00fablico (COP) de la comisar\u00eda de Los \u00c1lamos ocurri\u00f3 en la localidad de Ca\u00f1ete, 600 kil\u00f3metros al sur de la capital, en la regi\u00f3n del Biob\u00edo, cuando un grupo de hombres armados dispar\u00f3 contra la patrulla policial, antes de prender fuego al veh\u00edculo con ellos adentro.<\/p>\n\n\n\n<p>Las regiones del Bio B\u00edo y La Araucan\u00eda son, desde hace d\u00e9cadas, escenario de un conflicto que involucra a pueblos originarios, el Estado y grandes empresarios latifundistas y forestales que explotan tierras y bosques considerados ancestrales por las comunidades ind\u00edgenas.<\/p>\n\n\n\n<p>Desde mayo de 2022, las zonas afectadas por el conflicto est\u00e1n bajo estado de emergencia, en un intento por controlar los ataques de grupos armados, en su mayor\u00eda sabotajes incendiarios.<\/p>\n\n\n\n<p>En la zona hubo tambi\u00e9n en los dos \u00faltimos a\u00f1os un importante crecimiento del crimen organizado y de la presencia de Compa\u00f1\u00edas Militares Privadas de Seguridad, que han complicado la situaci\u00f3n de seguridad y el propio conflicto.<\/p>\n","protected":false},"excerpt":{"rendered":"<p>Lo anunci\u00f3 este lunes la ministra vocera del Gobierno, Camila Vallejo. Quiere que el ej\u00e9rcito se despliegue en algunos puntos del sur del pa\u00eds. Ning\u00fan grupo reivindic\u00f3 el ataque. El&hellip; <\/p>\n","protected":false},"author":8,"featured_media":143956,"comment_status":"closed","ping_status":"open","sticky":false,"template":"","format":"standard","meta":{"footnotes":""},"categories":[11],"tags":[],"class_list":["post-143955","post","type-post","status-publish","format-standard","has-post-thumbnail","hentry","category-internacionales"],"_links":{"self":[{"href":"https:\/\/corrientesdetarde.com\/index.php\/wp-json\/wp\/v2\/posts\/143955","targetHints":{"allow":["GET"]}}],"collection":[{"href":"https:\/\/corrientesdetarde.com\/index.php\/wp-json\/wp\/v2\/posts"}],"about":[{"href":"https:\/\/corrientesdetarde.com\/index.php\/wp-json\/wp\/v2\/types\/post"}],"author":[{"embeddable":true,"href":"https:\/\/corrientesdetarde.com\/index.php\/wp-json\/wp\/v2\/users\/8"}],"replies":[{"embeddable":true,"href":"https:\/\/corrientesdetarde.com\/index.php\/wp-json\/wp\/v2\/comments?post=143955"}],"version-history":[{"count":2,"href":"https:\/\/corrientesdetarde.com\/index.php\/wp-json\/wp\/v2\/posts\/143955\/revisions"}],"predecessor-version":[{"id":143971,"href":"https:\/\/corrientesdetarde.com\/index.php\/wp-json\/wp\/v2\/posts\/143955\/revisions\/143971"}],"wp:featuredmedia":[{"embeddable":true,"href":"https:\/\/corrientesdetarde.com\/index.php\/wp-json\/wp\/v2\/media\/143956"}],"wp:attachment":[{"href":"https:\/\/corrientesdetarde.com\/index.php\/wp-json\/wp\/v2\/media?parent=143955"}],"wp:term":[{"taxonomy":"category","embeddable":true,"href":"https:\/\/corrientesdetarde.com\/index.php\/wp-json\/wp\/v2\/categories?post=143955"},{"taxonomy":"post_tag","embeddable":true,"href":"https:\/\/corrientesdetarde.com\/index.php\/wp-json\/wp\/v2\/tags?post=143955"}],"curies":[{"name":"wp","href":"https:\/\/api.w.org\/{rel}","templated":true}]}}