{"id":143958,"date":"2024-04-29T18:24:16","date_gmt":"2024-04-29T21:24:16","guid":{"rendered":"https:\/\/corrientesdetarde.com\/?p=143958"},"modified":"2024-04-29T18:24:19","modified_gmt":"2024-04-29T21:24:19","slug":"javier-milei-sigue-el-debate-de-la-ley-bases-y-el-paquete-fiscal-en-el-congreso-desde-olivos","status":"publish","type":"post","link":"https:\/\/corrientesdetarde.com\/index.php\/politica\/javier-milei-sigue-el-debate-de-la-ley-bases-y-el-paquete-fiscal-en-el-congreso-desde-olivos\/","title":{"rendered":"Javier Milei sigue el debate de la Ley Bases y el paquete fiscal en el Congreso desde Olivos"},"content":{"rendered":"\n<p><strong>Por Juan Pablo Peralta desde el Congreso de la Naci\u00f3n<\/strong><\/p>\n\n\n\n<p>El presidente Javier Milei observa las alternativas del tratamiento de la Ley Bases y el paquete fiscal desde la Residencia de Olivos, que se votara en general y luego deber\u00e1 ingresar en su etapa m\u00e1s compleja, que es la votaci\u00f3n en particular, con varios temas candentes en ambos proyectos, que a pesar de ser mucho m\u00e1s reducido que el que el Gobierno retir\u00f3 de esta misma C\u00e1mara baja en febrero pasado mantiene varias divergencias.<\/p>\n\n\n\n<figure class=\"wp-block-embed is-type-video is-provider-youtube wp-block-embed-youtube wp-embed-aspect-16-9 wp-has-aspect-ratio\"><div class=\"wp-block-embed__wrapper\">\n<iframe loading=\"lazy\" title=\"Javier Milei sigue el debate de la Ley Bases y el paquete fiscal en el Congreso desde Olivos\" width=\"1110\" height=\"624\" src=\"https:\/\/www.youtube.com\/embed\/6QAQp3XtA2I?feature=oembed\" frameborder=\"0\" allow=\"accelerometer; autoplay; clipboard-write; encrypted-media; gyroscope; picture-in-picture; web-share\" referrerpolicy=\"strict-origin-when-cross-origin\" allowfullscreen><\/iframe>\n<\/div><\/figure>\n\n\n\n<p>Podr\u00eda hacerse presente en el Parlamento, el ministro del Interior Guillermo Francos, uno de los principales negociadores con gobernadores y legisladores dialoguistas, junto al jefe de Gabinete, Nicol\u00e1s Posse y el asesor presidencial, Santiago Caputo.<\/p>\n","protected":false},"excerpt":{"rendered":"<p>Por Juan Pablo Peralta desde el Congreso de la Naci\u00f3n El presidente Javier Milei observa las alternativas del tratamiento de la Ley Bases y el paquete fiscal desde la Residencia&hellip; <\/p>\n","protected":false},"author":11,"featured_media":143959,"comment_status":"closed","ping_status":"open","sticky":false,"template":"","format":"standard","meta":{"footnotes":""},"categories":[10,3],"tags":[],"class_list":["post-143958","post","type-post","status-publish","format-standard","has-post-thumbnail","hentry","category-nacionales","category-politica"],"_links":{"self":[{"href":"https:\/\/corrientesdetarde.com\/index.php\/wp-json\/wp\/v2\/posts\/143958","targetHints":{"allow":["GET"]}}],"collection":[{"href":"https:\/\/corrientesdetarde.com\/index.php\/wp-json\/wp\/v2\/posts"}],"about":[{"href":"https:\/\/corrientesdetarde.com\/index.php\/wp-json\/wp\/v2\/types\/post"}],"author":[{"embeddable":true,"href":"https:\/\/corrientesdetarde.com\/index.php\/wp-json\/wp\/v2\/users\/11"}],"replies":[{"embeddable":true,"href":"https:\/\/corrientesdetarde.com\/index.php\/wp-json\/wp\/v2\/comments?post=143958"}],"version-history":[{"count":2,"href":"https:\/\/corrientesdetarde.com\/index.php\/wp-json\/wp\/v2\/posts\/143958\/revisions"}],"predecessor-version":[{"id":143961,"href":"https:\/\/corrientesdetarde.com\/index.php\/wp-json\/wp\/v2\/posts\/143958\/revisions\/143961"}],"wp:featuredmedia":[{"embeddable":true,"href":"https:\/\/corrientesdetarde.com\/index.php\/wp-json\/wp\/v2\/media\/143959"}],"wp:attachment":[{"href":"https:\/\/corrientesdetarde.com\/index.php\/wp-json\/wp\/v2\/media?parent=143958"}],"wp:term":[{"taxonomy":"category","embeddable":true,"href":"https:\/\/corrientesdetarde.com\/index.php\/wp-json\/wp\/v2\/categories?post=143958"},{"taxonomy":"post_tag","embeddable":true,"href":"https:\/\/corrientesdetarde.com\/index.php\/wp-json\/wp\/v2\/tags?post=143958"}],"curies":[{"name":"wp","href":"https:\/\/api.w.org\/{rel}","templated":true}]}}