{"id":144125,"date":"2024-04-30T10:31:12","date_gmt":"2024-04-30T13:31:12","guid":{"rendered":"https:\/\/corrientesdetarde.com\/?p=144125"},"modified":"2024-04-30T10:31:16","modified_gmt":"2024-04-30T13:31:16","slug":"secuestran-58-surubies-y-un-dorado-transportados-en-un-colectivo","status":"publish","type":"post","link":"https:\/\/corrientesdetarde.com\/index.php\/crimen-y-justicia\/secuestran-58-surubies-y-un-dorado-transportados-en-un-colectivo\/","title":{"rendered":"Secuestran 58 surub\u00edes y un dorado transportados en un colectivo"},"content":{"rendered":"\n<p>Gendarmer\u00eda Nacional inform\u00f3 este lunes que secuestr\u00f3 58 surub\u00edes y un dorado que eran transportados en un colectivo de larga distancia, en la localidad correntina de San Cosme.<\/p>\n\n\n\n<p>El operativo se realiz\u00f3 durante la madrugada sobre la Ruta nacional N\u00ba 12 cuando detuvieron el transporta p\u00fablico que era conducido por un hombre.&nbsp;<\/p>\n\n\n\n<p>Durante el control minucioso del rodado, los efectivos lograron observar que en la parte trasera del veh\u00edculo donde se cargan las valijas, se encontraban diversas especies ict\u00edcolas embolsadas con nylon color negro, sin las condiciones adecuadas para su transporte, documentaci\u00f3n o autorizaci\u00f3n correspondiente.<\/p>\n\n\n\n<p>Ante la situaci\u00f3n, los uniformados mediante la intervenci\u00f3n y disposici\u00f3n del personal de Direcci\u00f3n Flora y Fauna de la Provincia de Corrientes, procedieron a la incautaci\u00f3n, contabilizaci\u00f3n, pesaje y desnaturalizaci\u00f3n de las especies ict\u00edcolas, siendo&nbsp; 58 surub\u00edes&nbsp;y un dorado con un peso total de 350 kilos.&nbsp;<\/p>\n\n\n\n<p>Con un aval\u00fao total de $2.450.000.<\/p>\n","protected":false},"excerpt":{"rendered":"<p>Gendarmer\u00eda Nacional inform\u00f3 este lunes que secuestr\u00f3 58 surub\u00edes y un dorado que eran transportados en un colectivo de larga distancia, en la localidad correntina de San Cosme. El operativo&hellip; <\/p>\n","protected":false},"author":1,"featured_media":144126,"comment_status":"closed","ping_status":"open","sticky":false,"template":"","format":"standard","meta":{"footnotes":""},"categories":[5],"tags":[],"class_list":["post-144125","post","type-post","status-publish","format-standard","has-post-thumbnail","hentry","category-crimen-y-justicia"],"_links":{"self":[{"href":"https:\/\/corrientesdetarde.com\/index.php\/wp-json\/wp\/v2\/posts\/144125","targetHints":{"allow":["GET"]}}],"collection":[{"href":"https:\/\/corrientesdetarde.com\/index.php\/wp-json\/wp\/v2\/posts"}],"about":[{"href":"https:\/\/corrientesdetarde.com\/index.php\/wp-json\/wp\/v2\/types\/post"}],"author":[{"embeddable":true,"href":"https:\/\/corrientesdetarde.com\/index.php\/wp-json\/wp\/v2\/users\/1"}],"replies":[{"embeddable":true,"href":"https:\/\/corrientesdetarde.com\/index.php\/wp-json\/wp\/v2\/comments?post=144125"}],"version-history":[{"count":1,"href":"https:\/\/corrientesdetarde.com\/index.php\/wp-json\/wp\/v2\/posts\/144125\/revisions"}],"predecessor-version":[{"id":144127,"href":"https:\/\/corrientesdetarde.com\/index.php\/wp-json\/wp\/v2\/posts\/144125\/revisions\/144127"}],"wp:featuredmedia":[{"embeddable":true,"href":"https:\/\/corrientesdetarde.com\/index.php\/wp-json\/wp\/v2\/media\/144126"}],"wp:attachment":[{"href":"https:\/\/corrientesdetarde.com\/index.php\/wp-json\/wp\/v2\/media?parent=144125"}],"wp:term":[{"taxonomy":"category","embeddable":true,"href":"https:\/\/corrientesdetarde.com\/index.php\/wp-json\/wp\/v2\/categories?post=144125"},{"taxonomy":"post_tag","embeddable":true,"href":"https:\/\/corrientesdetarde.com\/index.php\/wp-json\/wp\/v2\/tags?post=144125"}],"curies":[{"name":"wp","href":"https:\/\/api.w.org\/{rel}","templated":true}]}}