{"id":144234,"date":"2024-04-30T19:02:43","date_gmt":"2024-04-30T22:02:43","guid":{"rendered":"https:\/\/corrientesdetarde.com\/?p=144234"},"modified":"2024-04-30T19:02:46","modified_gmt":"2024-04-30T22:02:46","slug":"casa-rosada-celebra-la-media-sancion-en-diputados-de-la-ley-bases-y-el-paquete-fiscal","status":"publish","type":"post","link":"https:\/\/corrientesdetarde.com\/index.php\/politica\/casa-rosada-celebra-la-media-sancion-en-diputados-de-la-ley-bases-y-el-paquete-fiscal\/","title":{"rendered":"Casa Rosada celebra la media sanci\u00f3n en Diputados de la Ley Bases y el paquete fiscal"},"content":{"rendered":"\n<p><strong>Por Juan Pablo Peralta desde Casa Rosada<\/strong><\/p>\n\n\n\n<p>El presidente Javier Milei sigui\u00f3 desde Balcarce 50 la etapa definitoria del tratamiento de la Ley Bases y el paquete fiscal que obtuvo media sanci\u00f3n en la C\u00e1mara baja y en siete d\u00edas deber\u00e1n ser tratados en el Senado.<\/p>\n\n\n\n<figure class=\"wp-block-embed is-type-video is-provider-youtube wp-block-embed-youtube wp-embed-aspect-16-9 wp-has-aspect-ratio\"><div class=\"wp-block-embed__wrapper\">\n<iframe loading=\"lazy\" title=\"Casa Rosada celebra la media sanci\u00f3n en Diputados de la Ley Bases y el paquete fiscal\" width=\"1110\" height=\"624\" src=\"https:\/\/www.youtube.com\/embed\/hM7-l0ckd8g?feature=oembed\" frameborder=\"0\" allow=\"accelerometer; autoplay; clipboard-write; encrypted-media; gyroscope; picture-in-picture; web-share\" referrerpolicy=\"strict-origin-when-cross-origin\" allowfullscreen><\/iframe>\n<\/div><\/figure>\n\n\n\n<p>Entre las normativas m\u00e1s resonantes est\u00e1n las privatizaciones de empresas estatales, la delegaci\u00f3n de facultades especiales al titular del Poder Ejecutivo, la reforma laboral, entre otras, y en materia impositiva, la restituci\u00f3n de Ganancias, el blanqueo de capitales y en el monotributo. En Casa Rosada no hubo reuni\u00f3n de Gabinete ni conferencia de prensa del vocero, Manuel Adorni, pero ya se empez\u00f3 a dise\u00f1ar la estrategia para que el paquete de medidas sea aprobada en la C\u00e1mara alta.<\/p>\n","protected":false},"excerpt":{"rendered":"<p>Por Juan Pablo Peralta desde Casa Rosada El presidente Javier Milei sigui\u00f3 desde Balcarce 50 la etapa definitoria del tratamiento de la Ley Bases y el paquete fiscal que obtuvo&hellip; <\/p>\n","protected":false},"author":11,"featured_media":144235,"comment_status":"closed","ping_status":"open","sticky":false,"template":"","format":"standard","meta":{"footnotes":""},"categories":[10,3],"tags":[],"class_list":["post-144234","post","type-post","status-publish","format-standard","has-post-thumbnail","hentry","category-nacionales","category-politica"],"_links":{"self":[{"href":"https:\/\/corrientesdetarde.com\/index.php\/wp-json\/wp\/v2\/posts\/144234","targetHints":{"allow":["GET"]}}],"collection":[{"href":"https:\/\/corrientesdetarde.com\/index.php\/wp-json\/wp\/v2\/posts"}],"about":[{"href":"https:\/\/corrientesdetarde.com\/index.php\/wp-json\/wp\/v2\/types\/post"}],"author":[{"embeddable":true,"href":"https:\/\/corrientesdetarde.com\/index.php\/wp-json\/wp\/v2\/users\/11"}],"replies":[{"embeddable":true,"href":"https:\/\/corrientesdetarde.com\/index.php\/wp-json\/wp\/v2\/comments?post=144234"}],"version-history":[{"count":2,"href":"https:\/\/corrientesdetarde.com\/index.php\/wp-json\/wp\/v2\/posts\/144234\/revisions"}],"predecessor-version":[{"id":144237,"href":"https:\/\/corrientesdetarde.com\/index.php\/wp-json\/wp\/v2\/posts\/144234\/revisions\/144237"}],"wp:featuredmedia":[{"embeddable":true,"href":"https:\/\/corrientesdetarde.com\/index.php\/wp-json\/wp\/v2\/media\/144235"}],"wp:attachment":[{"href":"https:\/\/corrientesdetarde.com\/index.php\/wp-json\/wp\/v2\/media?parent=144234"}],"wp:term":[{"taxonomy":"category","embeddable":true,"href":"https:\/\/corrientesdetarde.com\/index.php\/wp-json\/wp\/v2\/categories?post=144234"},{"taxonomy":"post_tag","embeddable":true,"href":"https:\/\/corrientesdetarde.com\/index.php\/wp-json\/wp\/v2\/tags?post=144234"}],"curies":[{"name":"wp","href":"https:\/\/api.w.org\/{rel}","templated":true}]}}