{"id":144242,"date":"2024-04-30T22:13:50","date_gmt":"2024-05-01T01:13:50","guid":{"rendered":"https:\/\/corrientesdetarde.com\/?p=144242"},"modified":"2024-04-30T22:13:54","modified_gmt":"2024-05-01T01:13:54","slug":"chaco-la-fiscalia-pidio-elevar-a-juicio-la-causa-contra-los-sena-por-el-crimen-de-cecilia","status":"publish","type":"post","link":"https:\/\/corrientesdetarde.com\/index.php\/crimen-y-justicia\/chaco-la-fiscalia-pidio-elevar-a-juicio-la-causa-contra-los-sena-por-el-crimen-de-cecilia\/","title":{"rendered":"Chaco: La Fiscal\u00eda pidi\u00f3 elevar a juicio la causa contra los Sena por el crimen de Cecilia"},"content":{"rendered":"\n<p>Con este pedido de elevaci\u00f3n a juicio por parte del EFE, se acortan los plazos para que finalmente la causa llegue a juicio, aunque es de esperarse que tanto las querellas como las defensas apelen este requerimiento.&#8221;Queremos poner en conocimiento que en el d\u00eda de la fecha hemos confirmado el requerimiento de elevaci\u00f3n la causa a juicio de la causa conocida como Sena o Cecilia Strzyzowski&#8221;, expresaron los integrantes del EFE en un video.&nbsp;<\/p>\n\n\n\n<p>Los fiscales se explayaron respecto al cambio de calificaci\u00f3n legal para Sena y Acu\u00f1a y afirmaron: &#8220;Este requerimiento contiene una readecuaci\u00f3n de los hechos luego de un exhaustivo an\u00e1lisis de la causa habiendo concluido la investigaci\u00f3n penal preparatoria entendimos junto a los colegas que la teor\u00eda del caso m\u00e1s convincente para presentar ante un jurado popular era la de sostener que C\u00e9sar Sena es el autor material de la muerte de Cecilia, muerte que no ocurri\u00f3 sin la indispensable colaboraci\u00f3n de sus padres, Emerenciano Sena y Marcela Acu\u00f1a&#8221;.&nbsp;<\/p>\n\n\n\n<p>&nbsp;<br>&#8220;Este cambio de calificaci\u00f3n legal no los exime de la pena de prisi\u00f3n perpetua ya que es la misma pena tanto para el autor como el participe primario, es una causa en la que existen otros imputados y en ellos se mantiene la imputaci\u00f3n de encubrimiento agravado&#8221;, continuaron sobre este punto.&nbsp;<\/p>\n\n\n\n<figure class=\"wp-block-image\"><img decoding=\"async\" src=\"https:\/\/www.diarioepoca.com\/content\/bucket\/8\/1305198w790h445c.jpg.webp\" alt=\"\"\/><\/figure>\n\n\n\n<p><br>En definitiva, las imputaciones para los acusados de cometer el crimen de la joven chaque\u00f1a de 28 a\u00f1os el mes de junio del 2023 son:<\/p>\n\n\n\n<p>&nbsp;<br>1) Cesar Mario Alejandro Sena: Homicidio doblemente agravado por el v\u00ednculo y por haberse cometido en contexto de violencia de g\u00e9nero en car\u00e1cter de autor (art. &nbsp;80 inc. 1\u00b0 y 11\u00b0 del C\u00f3digo Penal en funci\u00f3n de la Ley 26.485).<\/p>\n\n\n\n<p>2) Emerenciano Sena: Homicidio doblemente agravado por el v\u00ednculo y por haberse cometido en contexto de violencia de g\u00e9nero en car\u00e1cter de part\u00edcipe primario (art. 80 inc. 1\u00b0 y 11\u00b0 y art. 45 todos del C\u00f3digo Penal).<\/p>\n\n\n\n<p>3) Marcela Ver\u00f3nica Acu\u00f1a: Homicidio doblemente agravado por el v\u00ednculo y por haberse cometido en contexto de violencia de g\u00e9nero en car\u00e1cter de part\u00edcipe primario (art. 80 inc. 1\u00b0 y 11\u00b0 y art. 45 todos del C\u00f3digo Penal).<\/p>\n\n\n\n<p>4) Fabiana Cecilia Gonz\u00e1lez: Encubrimiento agravado (art. 277 inc. 3\u00b0 ac\u00e1p. &#8220;A&#8221; en funci\u00f3n del inc. 1\u00b0 ac\u00e1p. &#8220;B&#8221; del C\u00f3digo Penal).<\/p>\n\n\n\n<p>5) Jos\u00e9 Gustavo Obreg\u00f3n: Encubrimiento agravado (art. 277 inc. 3\u00b0 ac\u00e1p. &#8220;A&#8221; en funci\u00f3n del inc. 1\u00b0 ac\u00e1p. &#8220;B&#8221; del C\u00f3digo Penal).<\/p>\n\n\n\n<p>&nbsp;<br>6) Gustavo Melgarejo: Encubrimiento agravado (art. 277 inc. 3\u00b0 ac\u00e1p. &#8220;A&#8221; en funci\u00f3n del inc. 1\u00b0 ac\u00e1p. &#8220;B&#8221; del C\u00f3digo Penal).<\/p>\n\n\n\n<p>7) Griselda Luc\u00eda Reinoso: Encubrimiento agravado (art. 277 inc. 3\u00b0 ac\u00e1p. &#8220;A&#8221; en funci\u00f3n del inc. 1\u00b0 ac\u00e1p. &#8220;B&#8221; del C\u00f3digo Penal).<\/p>\n","protected":false},"excerpt":{"rendered":"<p>Con este pedido de elevaci\u00f3n a juicio por parte del EFE, se acortan los plazos para que finalmente la causa llegue a juicio, aunque es de esperarse que tanto las&hellip; <\/p>\n","protected":false},"author":12,"featured_media":144243,"comment_status":"closed","ping_status":"open","sticky":false,"template":"","format":"standard","meta":{"footnotes":""},"categories":[23,5],"tags":[],"class_list":["post-144242","post","type-post","status-publish","format-standard","has-post-thumbnail","hentry","category-actualidad","category-crimen-y-justicia"],"_links":{"self":[{"href":"https:\/\/corrientesdetarde.com\/index.php\/wp-json\/wp\/v2\/posts\/144242","targetHints":{"allow":["GET"]}}],"collection":[{"href":"https:\/\/corrientesdetarde.com\/index.php\/wp-json\/wp\/v2\/posts"}],"about":[{"href":"https:\/\/corrientesdetarde.com\/index.php\/wp-json\/wp\/v2\/types\/post"}],"author":[{"embeddable":true,"href":"https:\/\/corrientesdetarde.com\/index.php\/wp-json\/wp\/v2\/users\/12"}],"replies":[{"embeddable":true,"href":"https:\/\/corrientesdetarde.com\/index.php\/wp-json\/wp\/v2\/comments?post=144242"}],"version-history":[{"count":1,"href":"https:\/\/corrientesdetarde.com\/index.php\/wp-json\/wp\/v2\/posts\/144242\/revisions"}],"predecessor-version":[{"id":144244,"href":"https:\/\/corrientesdetarde.com\/index.php\/wp-json\/wp\/v2\/posts\/144242\/revisions\/144244"}],"wp:featuredmedia":[{"embeddable":true,"href":"https:\/\/corrientesdetarde.com\/index.php\/wp-json\/wp\/v2\/media\/144243"}],"wp:attachment":[{"href":"https:\/\/corrientesdetarde.com\/index.php\/wp-json\/wp\/v2\/media?parent=144242"}],"wp:term":[{"taxonomy":"category","embeddable":true,"href":"https:\/\/corrientesdetarde.com\/index.php\/wp-json\/wp\/v2\/categories?post=144242"},{"taxonomy":"post_tag","embeddable":true,"href":"https:\/\/corrientesdetarde.com\/index.php\/wp-json\/wp\/v2\/tags?post=144242"}],"curies":[{"name":"wp","href":"https:\/\/api.w.org\/{rel}","templated":true}]}}