{"id":144284,"date":"2024-05-01T08:00:20","date_gmt":"2024-05-01T11:00:20","guid":{"rendered":"https:\/\/corrientesdetarde.com\/?p=144284"},"modified":"2024-05-01T08:00:21","modified_gmt":"2024-05-01T11:00:21","slug":"la-uta-se-suma-al-paro-nacional-y-no-habra-colectivos-el-lunes-en-corrientes","status":"publish","type":"post","link":"https:\/\/corrientesdetarde.com\/index.php\/informacion-general\/la-uta-se-suma-al-paro-nacional-y-no-habra-colectivos-el-lunes-en-corrientes\/","title":{"rendered":"La UTA se suma al paro nacional y no habr\u00e1 colectivos el lunes en Corrientes"},"content":{"rendered":"\n<p>La Uni\u00f3n Tranviarios de Automotor confirm\u00f3 a El Litoral que se adhieren a la convocatoria nacional y las unidades no prestar\u00e1n servicio el 6 de mayo en la ciudad de Corrientes.\u00a0\u00a0<\/p>\n\n\n\n<p>Un nuevo paro se avecina para el pr\u00f3ximo lunes 6 de mayo anunciado este martes. La medida se aplica al transporte a\u00e9reo, portuario, mar\u00edtimo y terrestre en todo el pa\u00eds. En Corrientes, la Uni\u00f3n Tranviarios de Automotor (UTA) confirm\u00f3 a El Litoral que se suma a la medida de fuerza por lo que no funcionar\u00e1n los colectivos urbanos ese d\u00eda.&nbsp;<\/p>\n\n\n\n<p>La UTA Corrientes se adhiri\u00f3 al paro nacional de transporte programado para el lunes 6 de mayo en todo el pa\u00eds. La circulaci\u00f3n de colectivos urbanos se ver\u00e1 afectada&nbsp;en la ciudad de Corrientes. A\u00fan se desconoce si la medida se aplicar\u00e1 durante todo el d\u00eda o por la ma\u00f1ana, por lo que aguardan la informaci\u00f3n oficial del gremio nacional.&nbsp;<\/p>\n\n\n\n<p>El secretario general de la UTA Corrientes, Jos\u00e9 Luis Sabao, indic\u00f3 a El Litoral que \u201cnos sumamos al paro del lunes\u201d.&nbsp;<\/p>\n\n\n\n<p>Con respecto a si la medida se aplicar\u00e1 durante el mediod\u00eda o toda la jornada, Sabao, aclar\u00f3 que: &#8220;todav\u00eda no sabemos, estamos esperando al anuncio de la UTA nacional&#8221;.&nbsp;<\/p>\n\n\n\n<p>La medida de fuerza fue anunciada por el secretario general adjunto de la Confederaci\u00f3n Argentina de Trabajadores del Transporte (Catt), Juan Carlos Schmid, luego de la aprobaci\u00f3n del impuesto a las ganancias en la Ley de Bases sancionada esta ma\u00f1ana en la C\u00e1mara de Diputados. &nbsp;<\/p>\n\n\n\n<p><strong>La medida dispuesta por la Catt es desde las 8 hasta las 11.&nbsp;<\/strong><\/p>\n\n\n\n<p>&#8220;El 6 de mayo en horas de la ma\u00f1ana y cerca del mediod\u00eda se interrumpir\u00e1n las actividades en el transporte a\u00e9reo, terrestre, portuario y mar\u00edtimo en rechazo al acuerdo fiscal que nuevamente sanciona el impuesto a las ganancias&#8221;, public\u00f3 Schmid en su cuenta de X (ex Twitter).<\/p>\n\n\n\n<p>El paro se realizar\u00e1 tres d\u00edas antes del segundo paro general convocado por la Confederaci\u00f3n General del Trabajo (CGT), por lo que no se descarta otro paro de transporte para esta fecha.&nbsp;<\/p>\n","protected":false},"excerpt":{"rendered":"<p>La Uni\u00f3n Tranviarios de Automotor confirm\u00f3 a El Litoral que se adhieren a la convocatoria nacional y las unidades no prestar\u00e1n servicio el 6 de mayo en la ciudad de&hellip; <\/p>\n","protected":false},"author":3,"featured_media":144287,"comment_status":"closed","ping_status":"open","sticky":false,"template":"","format":"standard","meta":{"footnotes":""},"categories":[1],"tags":[],"class_list":["post-144284","post","type-post","status-publish","format-standard","has-post-thumbnail","hentry","category-informacion-general"],"_links":{"self":[{"href":"https:\/\/corrientesdetarde.com\/index.php\/wp-json\/wp\/v2\/posts\/144284","targetHints":{"allow":["GET"]}}],"collection":[{"href":"https:\/\/corrientesdetarde.com\/index.php\/wp-json\/wp\/v2\/posts"}],"about":[{"href":"https:\/\/corrientesdetarde.com\/index.php\/wp-json\/wp\/v2\/types\/post"}],"author":[{"embeddable":true,"href":"https:\/\/corrientesdetarde.com\/index.php\/wp-json\/wp\/v2\/users\/3"}],"replies":[{"embeddable":true,"href":"https:\/\/corrientesdetarde.com\/index.php\/wp-json\/wp\/v2\/comments?post=144284"}],"version-history":[{"count":1,"href":"https:\/\/corrientesdetarde.com\/index.php\/wp-json\/wp\/v2\/posts\/144284\/revisions"}],"predecessor-version":[{"id":144292,"href":"https:\/\/corrientesdetarde.com\/index.php\/wp-json\/wp\/v2\/posts\/144284\/revisions\/144292"}],"wp:featuredmedia":[{"embeddable":true,"href":"https:\/\/corrientesdetarde.com\/index.php\/wp-json\/wp\/v2\/media\/144287"}],"wp:attachment":[{"href":"https:\/\/corrientesdetarde.com\/index.php\/wp-json\/wp\/v2\/media?parent=144284"}],"wp:term":[{"taxonomy":"category","embeddable":true,"href":"https:\/\/corrientesdetarde.com\/index.php\/wp-json\/wp\/v2\/categories?post=144284"},{"taxonomy":"post_tag","embeddable":true,"href":"https:\/\/corrientesdetarde.com\/index.php\/wp-json\/wp\/v2\/tags?post=144284"}],"curies":[{"name":"wp","href":"https:\/\/api.w.org\/{rel}","templated":true}]}}