{"id":144288,"date":"2024-05-01T08:00:25","date_gmt":"2024-05-01T11:00:25","guid":{"rendered":"https:\/\/corrientesdetarde.com\/?p=144288"},"modified":"2024-05-01T08:00:26","modified_gmt":"2024-05-01T11:00:26","slug":"por-que-se-conmemora-el-dia-del-trabajador","status":"publish","type":"post","link":"https:\/\/corrientesdetarde.com\/index.php\/informacion-general\/por-que-se-conmemora-el-dia-del-trabajador\/","title":{"rendered":"\u00bfPor qu\u00e9 se conmemora el D\u00eda del Trabajador?"},"content":{"rendered":"\n<p>Fue instaurado en 1889 en conmemoraci\u00f3n a ocho hombres condenados a prisi\u00f3n y a la horca. Sin embargo, la fecha se tom\u00f3 de protestas previas.<\/p>\n\n\n\n<p>La historia del D\u00eda del Trabajador comienza en 1887, con el juicio a ocho anarquistas, socialistas y sindicalistas acusados de asesinato y conspiraci\u00f3n. Samuel Felden, Oscar Neebe y Michael Scwab recibieron largas penas en prisi\u00f3n. George Engel, August Spies, Albert Parsons, Adolf Fischer y Louis Lingg -quien a \u00faltimo momento se suicid\u00f3 en su celda- fueron destinados a la horca.<br><br>Los hombres terminaron condenados y en 1889, un congreso de la Segunda Internacional decidi\u00f3 conmemorar a estos m\u00e1rtires y se estableci\u00f3 en su honor el D\u00eda Internacional de los Trabajadores. La fecha elegida no fue la de su muerte, sino el 1\u00b0 de mayo, cuando junto a cientos de miles de obreros estadounidenses, en 1886, pararon el pa\u00eds para reclamar las 8 horas de trabajo.<\/p>\n\n\n\n<p>En la d\u00e9cada del 80 del siglo XIX, los obreros norteamericanos pasaban fuera de sus hogares la mayor parte del d\u00eda. La jornada promedio era de 10 horas, aunque algunos -como los conductores de trenes- trabajaban m\u00e1s de 15. Las experiencias variaban seg\u00fan el Estado, la rama, la f\u00e1brica y el puesto. Los ritmos agotadores constitu\u00edan otro de los reclamos. Todos los testimonios apuntan a una verdadera disputa por el tiempo. En muchas f\u00e1bricas, los operarios se quejaban de la manipulaci\u00f3n de los relojes por parte de los jefes, que cotidianamente a\u00f1ad\u00eda 20 o 30 minutos m\u00e1s de obligaciones.<br><br>En 1882, los due\u00f1os de grandes empresas se congregaron para defender una jornada de 11 horas. El a\u00f1o anterior, una huelga en Saint Louis hab\u00eda conseguido una ley que limitaba las tareas a 72 horas por semana, pero, tres a\u00f1os m\u00e1s tarde, nadie trabajaba menos de 97. No es extra\u00f1o que el movimiento por las 8 horas generara ilusiones, hasta convertirse en algo imparable a lo largo del pa\u00eds, que despert\u00f3 distintas manifestaciones.&nbsp;<\/p>\n\n\n\n<p>Las multitudinarias organizaciones obreras dispersas por todo Estados Unidos eligieron el 1\u00b0 de mayo de 1886 como d\u00eda para unir sus fuerzas (recordando una importante huelga de 1867). Se esperaba que la convocatoria fuera grande -los diarios hablaban de cien mil personas-, pero el resultado super\u00f3 todas las expectativas.<br><br><strong>La huelga del 1 de mayo<\/strong><br><br>El 1\u00b0 de mayo de 1886, casi 340 mil trabajadores confluyeron en la protesta por la reducci\u00f3n de la jornada laboral. Unos 190 mil se declararon en huelga, mientras otros 150 mil participaron de las acciones. Se estima que 45 mil personas se movilizaron en Nueva York, 32 mil en Cincinnati y 4.700 en Boston. Pero en ning\u00fan lugar se alcanz\u00f3 la magnitud de Chicago: 90 mil habitantes salieron a las calles y hubo un cese de actividades en la industria y el transporte.&nbsp;<br><br>La tensi\u00f3n social se mantuvo por varios d\u00edas. En ese marco, el 3 de mayo, la polic\u00eda atac\u00f3 a quemarropa una protesta frente a la f\u00e1brica de maquinaria McCormick Harvester, que se encontraba en conflicto desde febrero y funcionaba gracias a rompehuelgas. Un obrero falleci\u00f3 y otros tres heridos lo hicieron al cabo de un mes.<\/p>\n\n\n\n<p>Al d\u00eda siguiente se convoc\u00f3 un mitin en la Plaza Haymarket. Como se avecinaba una tormenta primaveral y hab\u00eda otras convocatorias anunciadas, no se juntaron m\u00e1s de 3 mil personas. Cuando los manifestantes se retiraban pac\u00edficamente, 180 polic\u00edas se metieron en la muchedumbre y explot\u00f3 una bomba. Luego se escucharon disparos. Hubo casi 70 heridos y murieron siete polic\u00edas.<br><br>La prensa alertaba del &#8220;peligro rojo&#8221;. Sin las \u00f3rdenes correspondientes, los oficiales se llevaron detenidos, allanaron locales y hogares. No solo en Chicago. Ciudades como Milwaukee tambi\u00e9n fueron militarizadas.<br><br><strong>El juicio a los M\u00e1rtires<br><\/strong><br>El 21 de junio de 1886, se inici\u00f3 una causa contra 31 activistas, aunque finalmente fueron ocho los acusados de instigar los hechos de violencia. Entre ellos hab\u00eda empleados textiles, pastores, tip\u00f3grafos y redactores de peri\u00f3dicos obreros, de entre 22 y 50 a\u00f1os. &#8220;Mi hija trabaja quince horas para ganar quince centavos&#8221;, declaraba uno. Otro -Schwab- contaba que hab\u00eda llegado a trabajar entre 13 y 17 horas por d\u00eda.<\/p>\n","protected":false},"excerpt":{"rendered":"<p>Fue instaurado en 1889 en conmemoraci\u00f3n a ocho hombres condenados a prisi\u00f3n y a la horca. Sin embargo, la fecha se tom\u00f3 de protestas previas. La historia del D\u00eda del&hellip; <\/p>\n","protected":false},"author":3,"featured_media":144290,"comment_status":"closed","ping_status":"open","sticky":false,"template":"","format":"standard","meta":{"footnotes":""},"categories":[1],"tags":[],"class_list":["post-144288","post","type-post","status-publish","format-standard","has-post-thumbnail","hentry","category-informacion-general"],"_links":{"self":[{"href":"https:\/\/corrientesdetarde.com\/index.php\/wp-json\/wp\/v2\/posts\/144288","targetHints":{"allow":["GET"]}}],"collection":[{"href":"https:\/\/corrientesdetarde.com\/index.php\/wp-json\/wp\/v2\/posts"}],"about":[{"href":"https:\/\/corrientesdetarde.com\/index.php\/wp-json\/wp\/v2\/types\/post"}],"author":[{"embeddable":true,"href":"https:\/\/corrientesdetarde.com\/index.php\/wp-json\/wp\/v2\/users\/3"}],"replies":[{"embeddable":true,"href":"https:\/\/corrientesdetarde.com\/index.php\/wp-json\/wp\/v2\/comments?post=144288"}],"version-history":[{"count":1,"href":"https:\/\/corrientesdetarde.com\/index.php\/wp-json\/wp\/v2\/posts\/144288\/revisions"}],"predecessor-version":[{"id":144293,"href":"https:\/\/corrientesdetarde.com\/index.php\/wp-json\/wp\/v2\/posts\/144288\/revisions\/144293"}],"wp:featuredmedia":[{"embeddable":true,"href":"https:\/\/corrientesdetarde.com\/index.php\/wp-json\/wp\/v2\/media\/144290"}],"wp:attachment":[{"href":"https:\/\/corrientesdetarde.com\/index.php\/wp-json\/wp\/v2\/media?parent=144288"}],"wp:term":[{"taxonomy":"category","embeddable":true,"href":"https:\/\/corrientesdetarde.com\/index.php\/wp-json\/wp\/v2\/categories?post=144288"},{"taxonomy":"post_tag","embeddable":true,"href":"https:\/\/corrientesdetarde.com\/index.php\/wp-json\/wp\/v2\/tags?post=144288"}],"curies":[{"name":"wp","href":"https:\/\/api.w.org\/{rel}","templated":true}]}}