{"id":144323,"date":"2024-05-01T10:01:12","date_gmt":"2024-05-01T13:01:12","guid":{"rendered":"https:\/\/corrientesdetarde.com\/?p=144323"},"modified":"2024-05-01T10:01:14","modified_gmt":"2024-05-01T13:01:14","slug":"trabajo-esclavo-rescataron-a-14-personas-en-corrientes","status":"publish","type":"post","link":"https:\/\/corrientesdetarde.com\/index.php\/policiales\/trabajo-esclavo-rescataron-a-14-personas-en-corrientes\/","title":{"rendered":"Trabajo esclavo: rescataron a 14 personas en Corrientes"},"content":{"rendered":"\n<p>Son todos hombres, oriundos de Misiones.\u00a0<\/p>\n\n\n\n<p>En un procedimiento realizado en campos de la localidad correntina de Garab\u00ed, la Divisi\u00f3n de Trata de Personas de la Polic\u00eda de Misiones, rescat\u00f3 a 14 personas que se encontraban presuntamente en estado de hacinamiento, sin remuneraci\u00f3n y recluidas en un \u00e1rea rural.<\/p>\n\n\n\n<p>Seg\u00fan detallaron, la autoridades tomaron intervenci\u00f3n a partir de la viralizaci\u00f3n de un video en redes sociales y al tratarse de trabajadores provenientes de Misiones, espec\u00edficamente de la ciudad de Santa Ana, la Jefatura de Polic\u00eda dispuso que la Direcci\u00f3n de Investigaciones Complejas iniciara las pesquisas, \u00e1rea encargada de recabar informaci\u00f3n para el proceso de protecci\u00f3n.<\/p>\n\n\n\n<figure class=\"wp-block-image\"><img decoding=\"async\" src=\"https:\/\/pxc.cdn.ellitoral.com.ar\/litoral\/042024\/1714512148230.webp?cw=517&amp;ch=397&amp;extw=jpeg\" alt=\"Trabajo esclavo: rescataron a 14 personas en Corrientes\"\/><\/figure>\n\n\n\n<p>Adem\u00e1s, establecieron que las presuntas v\u00edctimas se presentaron en la comisar\u00eda correntina de Garab\u00ed, donde formalizaron una denuncia por presuntos malos tratos laborales sufridos.&nbsp;<\/p>\n\n\n\n<figure class=\"wp-block-image\"><img decoding=\"async\" src=\"https:\/\/pxc.cdn.ellitoral.com.ar\/litoral\/042024\/1714512148691.webp?cw=547&amp;ch=421&amp;extw=jpeg\" alt=\"Trabajo esclavo: rescataron a 14 personas en Corrientes\"\/><\/figure>\n\n\n\n<p>Luego, tras determinar la ubicaci\u00f3n de los 14 hombres provenientes de Santa Ana que habr\u00edan ido a cosechar yerba, se coordin\u00f3 con la Municipalidad de la comuna misionera, la b\u00fasqueda de los cosecheros, con conocimiento a la Justicia correntina.<\/p>\n\n\n\n<p>En cumplimiento del protocolo establecido por el \u00e1rea especializada en trata de personas de la polic\u00eda, cerca de la 1 de la madrugada de este lunes llegaron a Misiones los damnificados, seg\u00fan describieron.<\/p>\n","protected":false},"excerpt":{"rendered":"<p>Son todos hombres, oriundos de Misiones.\u00a0 En un procedimiento realizado en campos de la localidad correntina de Garab\u00ed, la Divisi\u00f3n de Trata de Personas de la Polic\u00eda de Misiones, rescat\u00f3&hellip; <\/p>\n","protected":false},"author":3,"featured_media":144334,"comment_status":"closed","ping_status":"open","sticky":false,"template":"","format":"standard","meta":{"footnotes":""},"categories":[33],"tags":[],"class_list":["post-144323","post","type-post","status-publish","format-standard","has-post-thumbnail","hentry","category-policiales"],"_links":{"self":[{"href":"https:\/\/corrientesdetarde.com\/index.php\/wp-json\/wp\/v2\/posts\/144323","targetHints":{"allow":["GET"]}}],"collection":[{"href":"https:\/\/corrientesdetarde.com\/index.php\/wp-json\/wp\/v2\/posts"}],"about":[{"href":"https:\/\/corrientesdetarde.com\/index.php\/wp-json\/wp\/v2\/types\/post"}],"author":[{"embeddable":true,"href":"https:\/\/corrientesdetarde.com\/index.php\/wp-json\/wp\/v2\/users\/3"}],"replies":[{"embeddable":true,"href":"https:\/\/corrientesdetarde.com\/index.php\/wp-json\/wp\/v2\/comments?post=144323"}],"version-history":[{"count":1,"href":"https:\/\/corrientesdetarde.com\/index.php\/wp-json\/wp\/v2\/posts\/144323\/revisions"}],"predecessor-version":[{"id":144352,"href":"https:\/\/corrientesdetarde.com\/index.php\/wp-json\/wp\/v2\/posts\/144323\/revisions\/144352"}],"wp:featuredmedia":[{"embeddable":true,"href":"https:\/\/corrientesdetarde.com\/index.php\/wp-json\/wp\/v2\/media\/144334"}],"wp:attachment":[{"href":"https:\/\/corrientesdetarde.com\/index.php\/wp-json\/wp\/v2\/media?parent=144323"}],"wp:term":[{"taxonomy":"category","embeddable":true,"href":"https:\/\/corrientesdetarde.com\/index.php\/wp-json\/wp\/v2\/categories?post=144323"},{"taxonomy":"post_tag","embeddable":true,"href":"https:\/\/corrientesdetarde.com\/index.php\/wp-json\/wp\/v2\/tags?post=144323"}],"curies":[{"name":"wp","href":"https:\/\/api.w.org\/{rel}","templated":true}]}}