{"id":144340,"date":"2024-05-01T10:55:10","date_gmt":"2024-05-01T13:55:10","guid":{"rendered":"https:\/\/corrientesdetarde.com\/?p=144340"},"modified":"2024-05-01T10:55:15","modified_gmt":"2024-05-01T13:55:15","slug":"arteco-2024-llega-al-centro-cultural-recoleta-de-buenos-aires","status":"publish","type":"post","link":"https:\/\/corrientesdetarde.com\/index.php\/cultura\/arteco-2024-llega-al-centro-cultural-recoleta-de-buenos-aires\/","title":{"rendered":"ArteCo 2024 llega al Centro Cultural Recoleta de Buenos Aires"},"content":{"rendered":"\n<p>La presentaci\u00f3n ser\u00e1 junto a funcionarios, artistas y coleccionistas que permiten potenciar el arte contempor\u00e1neo de nuestro pa\u00eds. Ser\u00e1 este viernes 3 de mayo, a las 11.<\/p>\n\n\n\n<p>La presentaci\u00f3n de ArteCo 2024 en Buenos Aires tiene cita el 3 de mayo, a las 11, en la &#8220;Sala Naranja&#8221; del Centro Cultural Recoleta ubicado en Jun\u00edn 1930 de la Ciudad Aut\u00f3noma de Buenos Aires, teniendo como principal orador al presidente del Instituto de Cultura de Corrientes, Gabriel Romero, qui\u00e9n detallar\u00e1 acerca de la programaci\u00f3n de este evento cultural que promueve al sector art\u00edstico nacional e internacional con una mirada federal.<\/p>\n\n\n\n<p>La curadur\u00eda general es realizada por el artista Gustavo Pi\u00f1ero quien propone como gui\u00f3n conceptual: R\u00edo marr\u00f3n, experiencias de barro y agua. Propuesta que toma al r\u00edo como eje y que trata de encontrar en este enorme flujo de agua, las analog\u00edas con las artes visuales, incluyendo conceptos de mestizaje, identidad y territorio: &#8220;&#8230;Vierto agua en una jarra que se empieza a llenar de manera desordenada. Pienso en el l\u00edquido y en como lo que lo contiene le da forma. Viajo a Corrientes, y al atravesar el puente que lo une con Chaco miro el r\u00edo. El r\u00edo no permite ver a trav\u00e9s de su superficie, lo que genera un enorme atractivo porque todo ese caudal es un gran misterio. El arte del litoral se le parece, no puede ser abordado mirando la superficie, necesitamos hundirnos en la profundidad de sus pr\u00e1cticas, no para entenderlas, pero s\u00ed para acercarnos a ellas&#8221;, relata.<\/p>\n\n\n\n<p>Estos temas van a estar presentes en diferentes propuestas a lo largo de toda la feria, como tambi\u00e9n en el programa auditorio, donde se va a presentar el libro Este Museo no es un museo, Museo del Barro: historias, mito y comunidad, de L\u00eda Colombino; Coleccionistas que se asocian en su pr\u00e1ctica, conferencias sobre Fundaciones (con fundaciones de Argentina, Uruguay y Paraguay), conversatorio sobre g\u00e9nero (organizado por la direcci\u00f3n de pol\u00edticas de g\u00e9nero y diversidad sexual y el centro cultural universitario de la UNNE), entre un gran n\u00famero de charlas.<\/p>\n\n\n\n<p>En esta edici\u00f3n contin\u00faa la colaboraci\u00f3n con la fundaci\u00f3n PROA. Este a\u00f1o la presencia de coleccionistas, curadores y agentes de las artes visuales de Argentina y pa\u00edses lim\u00edtrofes duplicar\u00e1 en presencia a los a\u00f1os anteriores.<\/p>\n\n\n\n<p><strong>\u00bfQu\u00e9 encontrar\u00e1s en esta 6\u00b0 Edici\u00f3n?<\/strong><\/p>\n\n\n\n<p>La Feria ArteCo, a realizarse del 23 al 26 de mayo en el predio del puerto de la ciudad de Corrientes, ubicado en Juan Vera y Mendoza,&nbsp; permite concentrar diversas propuestas art\u00edsticas, entre ellas la presencia de galer\u00edas de arte de la Argentina seleccionadas por un jurado integrado por: Yuyo Gardiol, Joaquin Rodriguez y Fernanda Tocallino y galer\u00edas del Paraguay (invitadas a trav\u00e9s de la Asociaci\u00f3n de galer\u00edas de arte del Paraguay ASGAPA), proyectos colectivos y artistas individuales de Corrientes (seleccionados por convocatoria).<\/p>\n\n\n\n<p>Tambi\u00e9n es posible destacar el espacio editorial bajo la curadur\u00eda de Lucas Mercado, el Festival de Arte Sonoro curado por Julia Rossetti y Mart\u00edn Sandoval, el programa de Becas para Artistas Visuales de Corrientes coordinado por Fernanda Tocallino, el espacio de video y Festival Play videoarte y cine experimental con curadur\u00eda de Maia Navas; el proyecto de intervenciones site-specific en los exteriores de la Feria curado por Luc\u00eda del Milagro Arias y la muestra de artesan\u00eda contempor\u00e1nea \u00d1ande Yvy con curadur\u00eda de Hada Irastorza.<\/p>\n\n\n\n<p><strong>Museos Dom\u00e9sticos<\/strong><\/p>\n\n\n\n<p>En el Museo de Bellas Artes se realizar\u00e1 la muestra &#8220;Museos Dom\u00e9sticos. El coleccionismo individual como resguardo del patrimonio colectivo&#8221;, de la mano del curador Joaqu\u00edn Rodr\u00edguez, quien afirma que &#8220;la exposici\u00f3n tiene como objetivo principal visibilizar la importancia que tiene la compra de obras de arte como otra posibilidad de resguardo del patrimonio art\u00edstico local.<\/p>\n\n\n\n<p>El patrimonio art\u00edstico no solo se resguarda en los museos sino tambi\u00e9n en la casa de quien tom\u00f3 la decisi\u00f3n de adquirir una obra de arte para disfrutar en la intimidad de su hogar&#8221; contemplando a la muestra como un modo de promoci\u00f3n y visibilizaci\u00f3n del coleccionismo independiente.<\/p>\n\n\n\n<p><strong>Acciones art\u00edsticas en clave territorial<\/strong><\/p>\n\n\n\n<p>En esta edici\u00f3n de la feria se van a entregar dos premios\/residencias para artistas de Corrientes y del litoral, una en la residencia \u00d1ande Mac (Corrientes\/ Uruguay) y otra en la residencia La Nave (Buenos Aires). Tambi\u00e9n se va a realizar un encuentro de residencias de Arte, destac\u00e1ndose las propuestas de las residencias Deixis del R\u00edo (Paraguay), en cuya propuesta art\u00edstica y de investigaci\u00f3n propone entre sus variadas manifestaciones, contemplar que &#8220;la de\u00edxis exige que determinemos un sitio de enunciaci\u00f3n, un cuerpo que emite una temporalidad&#8221; (Residencia Flotante, 2023).<\/p>\n\n\n\n<p>Contando, a su vez, con Lab 13 (Paraguay), una residencia que se propone &#8220;acompa\u00f1ar el proceso de obra de creadores emergentes, fortalecer el pensamiento desde la interdisciplinariedad y la producci\u00f3n desde perspectivas contempor\u00e1neas innovadoras que les permitan desarrollar un proyecto individual para una exposici\u00f3n nacional e internacional&#8221; (Estaci\u00f3n \/ Lab 13, 2024) y Potrero (Entre R\u00edos) un proyecto de investigaci\u00f3n, vinculaci\u00f3n y producci\u00f3n que propone la convivencia en un \u00e1mbito rural entre artistas de diferentes disciplinas (visuales, literatura, audiovisuales, m\u00fasica, esc\u00e9nicas, entre otras).<\/p>\n\n\n\n<p>En esta diversidad de manifestaciones art\u00edsticas en la programaci\u00f3n de ArteCo 2024, encontraremos el proyecto propuesto Virgen de la canoa, por Richar de Itat\u00ed, artista visual, quien realizar\u00e1 una performance integrando elementos de la religiosidad popular, el paisaje cultural y el arte contempor\u00e1neo en una instalaci\u00f3n fluvial de v\u00edrgenes de cer\u00e1mica en canoas en procesi\u00f3n n\u00e1utica sobre el r\u00edo Paran\u00e1.<\/p>\n\n\n\n<p><strong>Relevancia<\/strong><\/p>\n\n\n\n<p>Sobre la importancia de ArteCo, la asesora para la feria Natalia Albanese resalta que &#8220;la 6ta edici\u00f3n de ArteCo viene a consolidar un modelo regional, donde nos acompa\u00f1an muchos coleccionistas de distintas partes del pa\u00eds&#8221;, siendo clave en este proceso la alianza con Meridiano, la C\u00e1mara Argentina de Galer\u00edas permitiendo incrementar y fortalecer la participaci\u00f3n de galer\u00edas de arte nacionales con vasta trayectoria.<\/p>\n\n\n\n<p>ArteCo permite as\u00ed, fomentar el crecimiento del sector en la circulaci\u00f3n y la comercializaci\u00f3n de las obras de arte de la regi\u00f3n, contando con la participaci\u00f3n de nuevos proyectos locales fortaleciendo espacios de encuentro y participaci\u00f3n mutua y colectiva de artistas.<\/p>\n","protected":false},"excerpt":{"rendered":"<p>La presentaci\u00f3n ser\u00e1 junto a funcionarios, artistas y coleccionistas que permiten potenciar el arte contempor\u00e1neo de nuestro pa\u00eds. Ser\u00e1 este viernes 3 de mayo, a las 11. La presentaci\u00f3n de&hellip; <\/p>\n","protected":false},"author":3,"featured_media":144341,"comment_status":"closed","ping_status":"open","sticky":false,"template":"","format":"standard","meta":{"footnotes":""},"categories":[15],"tags":[],"class_list":["post-144340","post","type-post","status-publish","format-standard","has-post-thumbnail","hentry","category-cultura"],"_links":{"self":[{"href":"https:\/\/corrientesdetarde.com\/index.php\/wp-json\/wp\/v2\/posts\/144340","targetHints":{"allow":["GET"]}}],"collection":[{"href":"https:\/\/corrientesdetarde.com\/index.php\/wp-json\/wp\/v2\/posts"}],"about":[{"href":"https:\/\/corrientesdetarde.com\/index.php\/wp-json\/wp\/v2\/types\/post"}],"author":[{"embeddable":true,"href":"https:\/\/corrientesdetarde.com\/index.php\/wp-json\/wp\/v2\/users\/3"}],"replies":[{"embeddable":true,"href":"https:\/\/corrientesdetarde.com\/index.php\/wp-json\/wp\/v2\/comments?post=144340"}],"version-history":[{"count":1,"href":"https:\/\/corrientesdetarde.com\/index.php\/wp-json\/wp\/v2\/posts\/144340\/revisions"}],"predecessor-version":[{"id":144353,"href":"https:\/\/corrientesdetarde.com\/index.php\/wp-json\/wp\/v2\/posts\/144340\/revisions\/144353"}],"wp:featuredmedia":[{"embeddable":true,"href":"https:\/\/corrientesdetarde.com\/index.php\/wp-json\/wp\/v2\/media\/144341"}],"wp:attachment":[{"href":"https:\/\/corrientesdetarde.com\/index.php\/wp-json\/wp\/v2\/media?parent=144340"}],"wp:term":[{"taxonomy":"category","embeddable":true,"href":"https:\/\/corrientesdetarde.com\/index.php\/wp-json\/wp\/v2\/categories?post=144340"},{"taxonomy":"post_tag","embeddable":true,"href":"https:\/\/corrientesdetarde.com\/index.php\/wp-json\/wp\/v2\/tags?post=144340"}],"curies":[{"name":"wp","href":"https:\/\/api.w.org\/{rel}","templated":true}]}}