{"id":144505,"date":"2024-05-02T11:17:07","date_gmt":"2024-05-02T14:17:07","guid":{"rendered":"https:\/\/corrientesdetarde.com\/?p=144505"},"modified":"2024-05-02T11:17:20","modified_gmt":"2024-05-02T14:17:20","slug":"se-presentaran-documentos-sobre-narrativas-pedagogicas","status":"publish","type":"post","link":"https:\/\/corrientesdetarde.com\/index.php\/educacion\/se-presentaran-documentos-sobre-narrativas-pedagogicas\/","title":{"rendered":"Se presentar\u00e1n documentos sobre narrativas pedag\u00f3gicas"},"content":{"rendered":"\n<p><\/p>\n\n\n\n<p>El Ministerio de Educaci\u00f3n realizar\u00e1 una triple presentaci\u00f3n del desarrollo curricular \u201cNarrativas pedag\u00f3gicas. Trama y texto que acompa\u00f1an la pr\u00e1ctica docente\u201d. El documento es parte de una de las l\u00edneas de acci\u00f3n de Plan de Compromiso por la Alfabetizaci\u00f3n. Los actos tendr\u00e1n lugar el lunes 6 de mayo en Capital y el martes 7 de mayo en simult\u00e1neo en Ituzaing\u00f3 y Goya.<\/p>\n\n\n\n<p>En el marco de las pol\u00edticas de educaci\u00f3n que este Ministerio sostiene, se presentar\u00e1 la semana pr\u00f3xima el desarrollo curricular Narrativas Pedag\u00f3gicas. Trama y Texto que acompa\u00f1an la pr\u00e1ctica docente<strong>,&nbsp;<\/strong>escrito por la especialista Mar\u00eda Laura Galli. Vale se\u00f1alar que esta es una de las l\u00edneas de acci\u00f3n del Plan de Compromiso por la Alfabetizaci\u00f3n de la cartera educativa provincial.<\/p>\n\n\n\n<p>Los encuentros se realizan el lunes 6 de mayo en Capital y el martes 7 de mayo en simult\u00e1neo en Ituzaing\u00f3 y Goya. La iniciativa alcanzar\u00e1 a&nbsp;35 instituciones de Nivel inicial de Capital, Ituzaing\u00f3, Goya, Bella Vista, San Cosme, General Paz y Santo Tom\u00e9., involucrando a 329 docentes de salas de 3; 4 y 5 a\u00f1os y6918 estudiantes<\/p>\n\n\n\n<p>Acompa\u00f1ar\u00e1n la implementaci\u00f3n de la propuesta 24 docentes orientadores, financiados con fondos provinciales.<\/p>\n","protected":false},"excerpt":{"rendered":"<p>El Ministerio de Educaci\u00f3n realizar\u00e1 una triple presentaci\u00f3n del desarrollo curricular \u201cNarrativas pedag\u00f3gicas. Trama y texto que acompa\u00f1an la pr\u00e1ctica docente\u201d. El documento es parte de una de las l\u00edneas&hellip; <\/p>\n","protected":false},"author":12,"featured_media":144518,"comment_status":"closed","ping_status":"open","sticky":false,"template":"","format":"standard","meta":{"footnotes":""},"categories":[32],"tags":[],"class_list":["post-144505","post","type-post","status-publish","format-standard","has-post-thumbnail","hentry","category-educacion"],"_links":{"self":[{"href":"https:\/\/corrientesdetarde.com\/index.php\/wp-json\/wp\/v2\/posts\/144505","targetHints":{"allow":["GET"]}}],"collection":[{"href":"https:\/\/corrientesdetarde.com\/index.php\/wp-json\/wp\/v2\/posts"}],"about":[{"href":"https:\/\/corrientesdetarde.com\/index.php\/wp-json\/wp\/v2\/types\/post"}],"author":[{"embeddable":true,"href":"https:\/\/corrientesdetarde.com\/index.php\/wp-json\/wp\/v2\/users\/12"}],"replies":[{"embeddable":true,"href":"https:\/\/corrientesdetarde.com\/index.php\/wp-json\/wp\/v2\/comments?post=144505"}],"version-history":[{"count":1,"href":"https:\/\/corrientesdetarde.com\/index.php\/wp-json\/wp\/v2\/posts\/144505\/revisions"}],"predecessor-version":[{"id":144519,"href":"https:\/\/corrientesdetarde.com\/index.php\/wp-json\/wp\/v2\/posts\/144505\/revisions\/144519"}],"wp:featuredmedia":[{"embeddable":true,"href":"https:\/\/corrientesdetarde.com\/index.php\/wp-json\/wp\/v2\/media\/144518"}],"wp:attachment":[{"href":"https:\/\/corrientesdetarde.com\/index.php\/wp-json\/wp\/v2\/media?parent=144505"}],"wp:term":[{"taxonomy":"category","embeddable":true,"href":"https:\/\/corrientesdetarde.com\/index.php\/wp-json\/wp\/v2\/categories?post=144505"},{"taxonomy":"post_tag","embeddable":true,"href":"https:\/\/corrientesdetarde.com\/index.php\/wp-json\/wp\/v2\/tags?post=144505"}],"curies":[{"name":"wp","href":"https:\/\/api.w.org\/{rel}","templated":true}]}}