{"id":144506,"date":"2024-05-02T11:13:04","date_gmt":"2024-05-02T14:13:04","guid":{"rendered":"https:\/\/corrientesdetarde.com\/?p=144506"},"modified":"2024-05-02T11:13:07","modified_gmt":"2024-05-02T14:13:07","slug":"habian-anunciado-su-compromiso-hace-un-ano-quien-es-la-famosa-pareja-de-artistas-que-se-separo","status":"publish","type":"post","link":"https:\/\/corrientesdetarde.com\/index.php\/espectaculos\/habian-anunciado-su-compromiso-hace-un-ano-quien-es-la-famosa-pareja-de-artistas-que-se-separo\/","title":{"rendered":"Hab\u00edan anunciado su compromiso hace un a\u00f1o: qui\u00e9n es la famosa pareja de artistas que se separ\u00f3"},"content":{"rendered":"\n<p>Este 2024 ha tra\u00eddo amores y desamores. La sorpresiva ruptura\u00a0de Javier Milei y F\u00e1tima Fl\u00f3rez, la\u00a0<strong>separaci\u00f3n<\/strong>\u00a0de Luciano Castro y Flor Vigna, y ahora una famosa pareja de artistas termin\u00f3 su relaci\u00f3n a un a\u00f1o de haberse comprometido.<\/p>\n\n\n\n<p>\u00c1ngel de Brito\u00a0revel\u00f3 este mi\u00e9rcoles en\u00a0<em>Los \u00c1ngeles de la Ma\u00f1ana<\/em>\u00a0(LAM)\u00a0que\u00a0<strong>Gast\u00f3n Soffritti<\/strong>\u00a0y\u00a0<strong>Candelaria Molfese<\/strong>\u00a0decidieron ponerle punto final a su amor.<\/p>\n\n\n\n<figure class=\"wp-block-image\"><img decoding=\"async\" src=\"https:\/\/www.mdzol.com\/u\/fotografias\/m\/2024\/5\/2\/f768x1-1588438_1588565_5050.jpg\" alt=\"\"\/><figcaption class=\"wp-element-caption\">Gast\u00f3n Soffritti y Candelaria Molfese terminaron su relaci\u00f3n. Cr\u00e9ditos: Instagram Gsoffritti.<\/figcaption><\/figure>\n\n\n\n<p>&#8220;Ellos est\u00e1n en pareja desde junio del 2022. En febrero del 2023 se mudaron juntos y se comprometieron.&nbsp;Se conocieron cuando&nbsp;fueron a filmar una publicidad a Ushuaia, que nosotros la mostramos ac\u00e1 y se separaron d\u00edas atr\u00e1s&#8221;, cont\u00f3 enigm\u00e1ticamente el periodista de espect\u00e1culos.<\/p>\n\n\n\n<p>El motivo que los llev\u00f3 a tomar esta decisi\u00f3n es que no ten\u00edan los mismos planes en mente para sus vidas.&nbsp;&#8220;Y&nbsp;la decisi\u00f3n tiene que ver con que no coinciden con los proyectos a futuro cercano, precisamente porque \u00e9l quiere ser pap\u00e1 y ella todav\u00eda no tiene en mente convertirse en madre&#8221;, dijo de Brito.<\/p>\n\n\n\n<figure class=\"wp-block-image\"><img decoding=\"async\" src=\"https:\/\/www.mdzol.com\/u\/fotografias\/m\/2024\/5\/2\/f768x1-1588437_1588564_5050.jpg\" alt=\"\"\/><figcaption class=\"wp-element-caption\">La pareja no coincidi\u00f3 en los planes de paternidad y maternidad. Cr\u00e9ditos: captura de pantalla Youtube Am\u00e9rica TV.<\/figcaption><\/figure>\n\n\n\n<p>El conductor termin\u00f3 con las pistas y devel\u00f3 el misterio luego de unos minutos: &#8220;Ella lo viene contando en las notas, tienen 33, 32, estoy hablando de Cande Molfese y\u00a0<strong>Gast\u00f3n Soffritti<\/strong>. Hicieron streaming juntos, \u00e9l act\u00faa desde que es ni\u00f1o, ella tambi\u00e9n, con Tini en Violetta. Ella estuvo en el Cantando, que hab\u00eda estado con\u00a0Ruggero&#8221;.<\/p>\n\n\n\n<p>En mayo del a\u00f1o pasado, la actriz confes\u00f3 en una entrevista que estaba comprometida con Soffritti, pero que no estaba en sus planes casarse.&nbsp;&#8220;No ten\u00eda tan en mente casarme, pero s\u00ed fui partidaria de celebrar el amor. La verdad es que Gasti me lo propuso y le dije que s\u00ed, pero no soy de esas novias&nbsp;que andan pensando en el vestido y esas cosas&#8221;, cont\u00f3 la joven en aquel entonces. En ese momento,&nbsp;<strong>Candelaria Molfese<\/strong>&nbsp;coment\u00f3 que ten\u00edan planeado dar el s\u00ed en octubre de 2024.<\/p>\n","protected":false},"excerpt":{"rendered":"<p>Este 2024 ha tra\u00eddo amores y desamores. La sorpresiva ruptura\u00a0de Javier Milei y F\u00e1tima Fl\u00f3rez, la\u00a0separaci\u00f3n\u00a0de Luciano Castro y Flor Vigna, y ahora una famosa pareja de artistas termin\u00f3 su&hellip; <\/p>\n","protected":false},"author":12,"featured_media":144516,"comment_status":"closed","ping_status":"open","sticky":false,"template":"","format":"standard","meta":{"footnotes":""},"categories":[19],"tags":[],"class_list":["post-144506","post","type-post","status-publish","format-standard","has-post-thumbnail","hentry","category-espectaculos"],"_links":{"self":[{"href":"https:\/\/corrientesdetarde.com\/index.php\/wp-json\/wp\/v2\/posts\/144506","targetHints":{"allow":["GET"]}}],"collection":[{"href":"https:\/\/corrientesdetarde.com\/index.php\/wp-json\/wp\/v2\/posts"}],"about":[{"href":"https:\/\/corrientesdetarde.com\/index.php\/wp-json\/wp\/v2\/types\/post"}],"author":[{"embeddable":true,"href":"https:\/\/corrientesdetarde.com\/index.php\/wp-json\/wp\/v2\/users\/12"}],"replies":[{"embeddable":true,"href":"https:\/\/corrientesdetarde.com\/index.php\/wp-json\/wp\/v2\/comments?post=144506"}],"version-history":[{"count":1,"href":"https:\/\/corrientesdetarde.com\/index.php\/wp-json\/wp\/v2\/posts\/144506\/revisions"}],"predecessor-version":[{"id":144517,"href":"https:\/\/corrientesdetarde.com\/index.php\/wp-json\/wp\/v2\/posts\/144506\/revisions\/144517"}],"wp:featuredmedia":[{"embeddable":true,"href":"https:\/\/corrientesdetarde.com\/index.php\/wp-json\/wp\/v2\/media\/144516"}],"wp:attachment":[{"href":"https:\/\/corrientesdetarde.com\/index.php\/wp-json\/wp\/v2\/media?parent=144506"}],"wp:term":[{"taxonomy":"category","embeddable":true,"href":"https:\/\/corrientesdetarde.com\/index.php\/wp-json\/wp\/v2\/categories?post=144506"},{"taxonomy":"post_tag","embeddable":true,"href":"https:\/\/corrientesdetarde.com\/index.php\/wp-json\/wp\/v2\/tags?post=144506"}],"curies":[{"name":"wp","href":"https:\/\/api.w.org\/{rel}","templated":true}]}}