{"id":144520,"date":"2024-05-02T11:27:40","date_gmt":"2024-05-02T14:27:40","guid":{"rendered":"https:\/\/corrientesdetarde.com\/?p=144520"},"modified":"2024-05-02T11:27:52","modified_gmt":"2024-05-02T14:27:52","slug":"antes-de-la-final-de-la-copa-de-la-liga-siguen-los-partidos-de-la-copa-argentina","status":"publish","type":"post","link":"https:\/\/corrientesdetarde.com\/index.php\/deportes\/antes-de-la-final-de-la-copa-de-la-liga-siguen-los-partidos-de-la-copa-argentina\/","title":{"rendered":"Antes de la final de la Copa de la Liga, siguen los partidos de la Copa Argentina"},"content":{"rendered":"\n<p><strong>Por Coco Ram\u00f3n<\/strong><\/p>\n\n\n\n<p>Mientras esperamos la gran final de la Copa de la Liga el pr\u00f3ximo domingo a partir de las 15.30 en el Madre de Ciudades de Santiago del Estero entre Estudiantes y Velez, por supuesto hay equipos que tienen todav\u00eda actividad y otros que est\u00e1n en un peque\u00f1o receso y hay otros que est\u00e1n en pretemporada. Los que est\u00e1n en actividad, m\u00e1s all\u00e1 de los dos que llegaron a la final, son Racing e Independiente. \u00bfPor qu\u00e9? Porque tenemos esta semana, hoy, jueves y ma\u00f1ana viernes, Copa Argentina. Y en la Copa Argentina, por supuesto, inaugurando los 16 avos de final, para los dos equipos es muy importante seguir avanzando.<\/p>\n\n\n\n<figure class=\"wp-block-embed is-type-video is-provider-youtube wp-block-embed-youtube wp-embed-aspect-16-9 wp-has-aspect-ratio\"><div class=\"wp-block-embed__wrapper\">\n<iframe loading=\"lazy\" title=\"Antes de la final de la Copa de la Liga, siguen los partidos de la Copa Argentina\" width=\"1110\" height=\"624\" src=\"https:\/\/www.youtube.com\/embed\/1C1TC_mM1eA?feature=oembed\" frameborder=\"0\" allow=\"accelerometer; autoplay; clipboard-write; encrypted-media; gyroscope; picture-in-picture; web-share\" referrerpolicy=\"strict-origin-when-cross-origin\" allowfullscreen><\/iframe>\n<\/div><\/figure>\n\n\n\n<p>Racing, despu\u00e9s de este peque\u00f1o parate, tratar\u00e1 de encontrar la posibilidad de seguir en la buena senda, como lo ven\u00edan haciendo en la Copa Sudamericana, y por supuesto para Independiente el objetivo es tratar de reencontrar otra vez esa peque\u00f1a buena senda que en alg\u00fan momento tuvo con Carlos Tevez. Por supuesto, es muy importante para los dos equipos. Por el lado de Racing, no va a jugar finalmente como titular Maravilla Mart\u00ednez: lo va a estar probando Gustavo Costas, y va a estar probando, entre comillas, a Roger Mart\u00ednez. Y el que s\u00ed vuelve al primer equipo despu\u00e9s de sus viajes por un problema familiar es, finalmente, JuanFer Quintero al equipo titular. Y Facundo Cambeses ser\u00e1 el arquero en lugar de Arias esta noche para enfrentar, entonces, a Talleres de Remedios de Escalada a partir de las 21.10, el equipo de Gustavo Costas. El resto de la info en el videoreporte. <\/p>\n","protected":false},"excerpt":{"rendered":"<p>Por Coco Ram\u00f3n Mientras esperamos la gran final de la Copa de la Liga el pr\u00f3ximo domingo a partir de las 15.30 en el Madre de Ciudades de Santiago del&hellip; <\/p>\n","protected":false},"author":11,"featured_media":144521,"comment_status":"closed","ping_status":"open","sticky":false,"template":"","format":"standard","meta":{"footnotes":""},"categories":[4],"tags":[],"class_list":["post-144520","post","type-post","status-publish","format-standard","has-post-thumbnail","hentry","category-deportes"],"_links":{"self":[{"href":"https:\/\/corrientesdetarde.com\/index.php\/wp-json\/wp\/v2\/posts\/144520","targetHints":{"allow":["GET"]}}],"collection":[{"href":"https:\/\/corrientesdetarde.com\/index.php\/wp-json\/wp\/v2\/posts"}],"about":[{"href":"https:\/\/corrientesdetarde.com\/index.php\/wp-json\/wp\/v2\/types\/post"}],"author":[{"embeddable":true,"href":"https:\/\/corrientesdetarde.com\/index.php\/wp-json\/wp\/v2\/users\/11"}],"replies":[{"embeddable":true,"href":"https:\/\/corrientesdetarde.com\/index.php\/wp-json\/wp\/v2\/comments?post=144520"}],"version-history":[{"count":2,"href":"https:\/\/corrientesdetarde.com\/index.php\/wp-json\/wp\/v2\/posts\/144520\/revisions"}],"predecessor-version":[{"id":144523,"href":"https:\/\/corrientesdetarde.com\/index.php\/wp-json\/wp\/v2\/posts\/144520\/revisions\/144523"}],"wp:featuredmedia":[{"embeddable":true,"href":"https:\/\/corrientesdetarde.com\/index.php\/wp-json\/wp\/v2\/media\/144521"}],"wp:attachment":[{"href":"https:\/\/corrientesdetarde.com\/index.php\/wp-json\/wp\/v2\/media?parent=144520"}],"wp:term":[{"taxonomy":"category","embeddable":true,"href":"https:\/\/corrientesdetarde.com\/index.php\/wp-json\/wp\/v2\/categories?post=144520"},{"taxonomy":"post_tag","embeddable":true,"href":"https:\/\/corrientesdetarde.com\/index.php\/wp-json\/wp\/v2\/tags?post=144520"}],"curies":[{"name":"wp","href":"https:\/\/api.w.org\/{rel}","templated":true}]}}