{"id":144524,"date":"2024-05-02T13:48:23","date_gmt":"2024-05-02T16:48:23","guid":{"rendered":"https:\/\/corrientesdetarde.com\/?p=144524"},"modified":"2024-05-02T13:48:26","modified_gmt":"2024-05-02T16:48:26","slug":"las-oficinas-de-la-dpec-permaneceran-cerradas-este-viernes-3-de-mayo","status":"publish","type":"post","link":"https:\/\/corrientesdetarde.com\/index.php\/informacion-general\/las-oficinas-de-la-dpec-permaneceran-cerradas-este-viernes-3-de-mayo\/","title":{"rendered":"Las oficinas de la DPEC permanecer\u00e1n cerradas este viernes 3 de mayo"},"content":{"rendered":"\n<p>La Direcci\u00f3n Provincial de Energ\u00eda de Corrientes (DPEC)&nbsp;informa que sus oficinas comerciales permanecer\u00e1n cerradas este viernes 3 de mayo, en el marco del feriado provincial por la conmemoraci\u00f3n de La Cruz de Los Milagros en la ciudad de Corrientes y en las&nbsp;&nbsp;en las localidades de Empedrado, San Cosme, San Luis del Palmar, Itat\u00ed y Palmar Grande.<\/p>\n\n\n\n<p>Se recuerda que los usuarios podr\u00e1n seguir operando mediante los canales digitales como la&nbsp;web oficial de la empresa:&nbsp;<a href=\"http:\/\/www.dpec.com.ar\/\" target=\"_blank\" rel=\"noreferrer noopener\">www.dpec.com.ar<\/a>&nbsp;o mediante la aplicaci\u00f3n DPEC Autogesti\u00f3n. Asimismo, tambi\u00e9n funcionar\u00e1 la Guardia de Reclamos por cuestiones vinculadas al servicio.<\/p>\n","protected":false},"excerpt":{"rendered":"<p>La Direcci\u00f3n Provincial de Energ\u00eda de Corrientes (DPEC)&nbsp;informa que sus oficinas comerciales permanecer\u00e1n cerradas este viernes 3 de mayo, en el marco del feriado provincial por la conmemoraci\u00f3n de La&hellip; <\/p>\n","protected":false},"author":8,"featured_media":144525,"comment_status":"closed","ping_status":"open","sticky":false,"template":"","format":"standard","meta":{"footnotes":""},"categories":[1],"tags":[],"class_list":["post-144524","post","type-post","status-publish","format-standard","has-post-thumbnail","hentry","category-informacion-general"],"_links":{"self":[{"href":"https:\/\/corrientesdetarde.com\/index.php\/wp-json\/wp\/v2\/posts\/144524","targetHints":{"allow":["GET"]}}],"collection":[{"href":"https:\/\/corrientesdetarde.com\/index.php\/wp-json\/wp\/v2\/posts"}],"about":[{"href":"https:\/\/corrientesdetarde.com\/index.php\/wp-json\/wp\/v2\/types\/post"}],"author":[{"embeddable":true,"href":"https:\/\/corrientesdetarde.com\/index.php\/wp-json\/wp\/v2\/users\/8"}],"replies":[{"embeddable":true,"href":"https:\/\/corrientesdetarde.com\/index.php\/wp-json\/wp\/v2\/comments?post=144524"}],"version-history":[{"count":1,"href":"https:\/\/corrientesdetarde.com\/index.php\/wp-json\/wp\/v2\/posts\/144524\/revisions"}],"predecessor-version":[{"id":144526,"href":"https:\/\/corrientesdetarde.com\/index.php\/wp-json\/wp\/v2\/posts\/144524\/revisions\/144526"}],"wp:featuredmedia":[{"embeddable":true,"href":"https:\/\/corrientesdetarde.com\/index.php\/wp-json\/wp\/v2\/media\/144525"}],"wp:attachment":[{"href":"https:\/\/corrientesdetarde.com\/index.php\/wp-json\/wp\/v2\/media?parent=144524"}],"wp:term":[{"taxonomy":"category","embeddable":true,"href":"https:\/\/corrientesdetarde.com\/index.php\/wp-json\/wp\/v2\/categories?post=144524"},{"taxonomy":"post_tag","embeddable":true,"href":"https:\/\/corrientesdetarde.com\/index.php\/wp-json\/wp\/v2\/tags?post=144524"}],"curies":[{"name":"wp","href":"https:\/\/api.w.org\/{rel}","templated":true}]}}